{"id":98,"date":"2017-11-11T22:00:00","date_gmt":"2017-11-11T22:00:00","guid":{"rendered":"https:\/\/cosdelletra.com\/index.php\/2017\/11\/11\/alicia-gonzalez-laa\/"},"modified":"2017-11-11T22:00:00","modified_gmt":"2017-11-11T22:00:00","slug":"alicia-gonzalez-laa","status":"publish","type":"post","link":"https:\/\/cosdelletra.com\/index.php\/2017\/11\/11\/alicia-gonzalez-laa\/","title":{"rendered":"ALICIA GONZ\u00c1LEZ LA\u00c1"},"content":{"rendered":"<p><\/p>\n<div style=\"clear: both; text-align: center;\">\n<span style=\"font-size: large;\"><a href=\"https:\/\/3.bp.blogspot.com\/-cogYT61WAow\/WbZyl7txTQI\/AAAAAAAACWs\/ddfYK0AaYooltKr24R1Xt2dCq-nfXSkTQCLcBGAs\/s1600\/Alicia%2BGonz%25C3%25A1lez%2BLa%25C3%25A1.jpg\" style=\"margin-left: 1em; margin-right: 1em;\"><img loading=\"lazy\" decoding=\"async\" border=\"0\" data-original-height=\"1065\" data-original-width=\"1600\" height=\"424\" src=\"https:\/\/3.bp.blogspot.com\/-cogYT61WAow\/WbZyl7txTQI\/AAAAAAAACWs\/ddfYK0AaYooltKr24R1Xt2dCq-nfXSkTQCLcBGAs\/s640\/Alicia%2BGonz%25C3%25A1lez%2BLa%25C3%25A1.jpg\" width=\"640\" \/><\/a><\/span><\/div>\n<p><span style=\"font-size: large;\"><span style=\"font-family: inherit;\"><a href=\"https:\/\/www.facebook.com\/aliciagonzalezlaa\/\" target=\"_blank\" rel=\"noopener\">Alicia Gonz\u00e1lez La\u00e1<\/a> \u00e9s actriu.<\/span><\/span><\/p>\n<p><span style=\"font-size: large;\"><span style=\"font-family: inherit;\">Amb Cos de Lletra, protagonitza <\/span><\/span><span style=\"font-size: large;\"><span style=\"font-family: inherit;\"><span style=\"font-size: large;\"><span style=\"font-family: inherit;\"><\/span><\/span><\/span><\/span><span style=\"font-size: large;\"><span style=\"font-family: inherit;\"><a href=\"http:\/\/cosdelletra.blogspot.com.es\/2017\/08\/la-puerta-blindada-de-ruth-vilar.html\" target=\"_blank\" rel=\"noopener\">\u00abLa puerta blindada\u00bb de Ruth Vilar<\/a> (Teatro Lagrada. Madrid, 2016 \/ Espectacle en gira). Tamb\u00e9 va formar part del repartiment de la lectura dramatitzada de <a href=\"http:\/\/cosdelletra.blogspot.com.es\/search\/label\/Cinc%20vares%20de%20terra\" target=\"_blank\" rel=\"noopener\">\u201cCinc vares de terra\u201d de Ruth Vilar<\/a> (Teatre Romea, 2015).&nbsp;<\/span><\/span><\/p>\n<p><span style=\"font-size: large;\"><span style=\"font-family: inherit;\">Actualment participa a la s\u00e8rie \u00abCom si fos ahir\u00bb de TV3. El passat mes d&#8217;octubre va estrenar <a href=\"http:\/\/www.teatreakademia.cat\/espectacles\/temporada\/yes-potser\/\" target=\"_blank\" rel=\"noopener\">\u00abYes, potser\u00bb de Marguerite Duras<\/a> (Teatre Akad\u00e8mia).<\/span><\/span><\/p>\n<p><span style=\"font-size: large;\"><span style=\"font-family: inherit;\"><span style=\"font-size: large;\"><span style=\"font-family: inherit;\">Ha treballat en nombrosos espectacles teatrals.<\/span><\/span><\/span><\/span><span style=\"font-size: large;\"><span style=\"font-family: inherit;\"><span style=\"font-size: large;\"><span style=\"font-family: inherit;\"><\/span><span style=\"font-family: inherit;\"> <\/span><\/span>Ha interpretat textos de <\/span><\/span><span style=\"font-size: large;\"><span style=\"font-family: inherit;\"><span style=\"font-size: large;\"><span style=\"font-family: inherit;\">Tennessee Williams, <\/span><\/span><\/span><\/span><span style=\"font-size: large;\"><span style=\"font-family: inherit;\">Henrik Ibsen, <\/span><\/span><span style=\"font-size: large;\"><span style=\"font-family: inherit;\"><span style=\"font-size: large;\"><span style=\"font-family: inherit;\"><span style=\"font-size: large;\"><span style=\"font-family: inherit;\">No\u00ebl Coward, <\/span><\/span><\/span><\/span><\/span><\/span><span style=\"font-size: large;\"><span style=\"font-family: inherit;\"><span style=\"font-size: large;\"><span style=\"font-family: inherit;\"><span style=\"font-size: large;\"><span style=\"font-family: inherit;\"><span style=\"font-size: large;\"><span style=\"font-family: inherit;\">Anton Tx\u00e8khov, Federico <\/span><\/span><\/span><\/span><\/span><\/span><\/span><\/span><span style=\"font-size: large;\"><span style=\"font-family: inherit;\"><span style=\"font-size: large;\"><span style=\"font-family: inherit;\"><span style=\"font-size: large;\"><span style=\"font-family: inherit;\"><span style=\"font-size: large;\"><span style=\"font-family: inherit;\"><span style=\"font-size: large;\"><span style=\"font-family: inherit;\">Garc\u00eda Lorca, Harold Pinter, <\/span><\/span><\/span><\/span><\/span><\/span><\/span><\/span><\/span><\/span><span style=\"font-size: large;\"><span style=\"font-family: inherit;\"><span style=\"font-size: large;\"><span style=\"font-family: inherit;\"><span style=\"font-size: large;\"><span style=\"font-family: inherit;\"><span style=\"font-size: large;\"><span style=\"font-family: inherit;\"><span style=\"font-size: large;\"><span style=\"font-family: inherit;\"><span style=\"font-size: large;\"><span style=\"font-family: inherit;\">Yasmina Reza, <\/span><\/span><\/span><\/span><\/span><\/span><\/span><\/span><\/span><\/span><\/span><\/span><span style=\"font-size: large;\"><span style=\"font-family: inherit;\"><span style=\"font-size: large;\"><span style=\"font-family: inherit;\"><span style=\"font-size: large;\"><span style=\"font-family: inherit;\"><span style=\"font-size: large;\"><span style=\"font-family: inherit;\"><span style=\"font-size: large;\"><span style=\"font-family: inherit;\"><span style=\"font-size: large;\"><span style=\"font-family: inherit;\"><span style=\"font-size: large;\"><span style=\"font-family: inherit;\">Victoria Szpunberg, Eva Hibernia, Carles Batlle i Albert Tola, entre altres autors.<\/span><\/span><\/span><\/span><\/span><\/span><\/span><\/span><\/span><\/span><\/span><\/span><\/span><\/span><span style=\"font-size: large;\"><span style=\"font-family: inherit;\">&nbsp;<\/span><\/span><\/p>\n<p><span style=\"font-size: large;\"><span style=\"font-family: inherit;\">Ha participat en s\u00e8ries de televisi\u00f3 <\/span><\/span><span style=\"font-size: large;\"><span style=\"font-family: inherit;\"><span style=\"font-size: large;\"><span style=\"font-family: inherit;\"><span style=\"font-size: large;\"><span style=\"font-family: inherit;\"><span style=\"font-size: large;\"><span style=\"font-family: inherit;\">d\u2019Antena 3, Tele 5, TV3, TVE i la BBC<\/span><\/span>.<\/span><\/span><\/span><\/span><\/span><\/span><\/p>\n","protected":false},"excerpt":{"rendered":"<p>Alicia Gonz\u00e1lez La\u00e1 \u00e9s actriu. Amb Cos de Lletra, protagonitza \u00abLa puerta blindada\u00bb de Ruth Vilar (Teatro Lagrada. Madrid, 2016 \/ Espectacle en gira). Tamb\u00e9 va formar part del repartiment de la lectura dramatitzada de \u201cCinc vares de terra\u201d de Ruth Vilar (Teatre Romea, 2015).&nbsp; Actualment participa a la s\u00e8rie \u00abCom si fos ahir\u00bb de [&hellip;]<\/p>\n","protected":false},"author":2,"featured_media":0,"comment_status":"open","ping_status":"open","sticky":false,"template":"","format":"standard","meta":{"footnotes":""},"categories":[58],"tags":[],"class_list":["post-98","post","type-post","status-publish","format-standard","hentry","category-collaboradors"],"_links":{"self":[{"href":"https:\/\/cosdelletra.com\/index.php\/wp-json\/wp\/v2\/posts\/98","targetHints":{"allow":["GET"]}}],"collection":[{"href":"https:\/\/cosdelletra.com\/index.php\/wp-json\/wp\/v2\/posts"}],"about":[{"href":"https:\/\/cosdelletra.com\/index.php\/wp-json\/wp\/v2\/types\/post"}],"author":[{"embeddable":true,"href":"https:\/\/cosdelletra.com\/index.php\/wp-json\/wp\/v2\/users\/2"}],"replies":[{"embeddable":true,"href":"https:\/\/cosdelletra.com\/index.php\/wp-json\/wp\/v2\/comments?post=98"}],"version-history":[{"count":0,"href":"https:\/\/cosdelletra.com\/index.php\/wp-json\/wp\/v2\/posts\/98\/revisions"}],"wp:attachment":[{"href":"https:\/\/cosdelletra.com\/index.php\/wp-json\/wp\/v2\/media?parent=98"}],"wp:term":[{"taxonomy":"category","embeddable":true,"href":"https:\/\/cosdelletra.com\/index.php\/wp-json\/wp\/v2\/categories?post=98"},{"taxonomy":"post_tag","embeddable":true,"href":"https:\/\/cosdelletra.com\/index.php\/wp-json\/wp\/v2\/tags?post=98"}],"curies":[{"name":"wp","href":"https:\/\/api.w.org\/{rel}","templated":true}]}}