{"id":96,"date":"2017-11-15T15:27:00","date_gmt":"2017-11-15T15:27:00","guid":{"rendered":"https:\/\/cosdelletra.com\/index.php\/2017\/11\/15\/prender-ese-chispazo\/"},"modified":"2017-11-15T15:27:00","modified_gmt":"2017-11-15T15:27:00","slug":"prender-ese-chispazo","status":"publish","type":"post","link":"https:\/\/cosdelletra.com\/index.php\/2017\/11\/15\/prender-ese-chispazo\/","title":{"rendered":"PRENDER ESE CHISPAZO"},"content":{"rendered":"<h3 style=\"margin-bottom: 0cm; text-align: center;\">\n<span style=\"font-size: large;\"><span style=\"font-family: inherit;\">Sobre el estreno de \u00abLa puerta blindada\u00bb de Ruth Vilar&nbsp;<\/span><\/span><\/h3>\n<h3 style=\"margin-bottom: 0cm; text-align: center;\">\n<span style=\"font-size: large;\"><span style=\"font-family: inherit;\">&nbsp;<\/span><\/span><\/h3>\n<h3 style=\"margin-bottom: 0cm; text-align: right;\">\n<span style=\"font-size: small;\"><span style=\"font-weight: normal;\">&nbsp;&nbsp; Contrataci\u00f3n: cosdelletra@gmail.com<\/span><\/span><\/h3>\n<h3 style=\"margin-bottom: 0cm; text-align: right;\">\n<span style=\"font-size: small;\"><span style=\"font-weight: normal;\">609 28 01 79 \/ 93 8660078<\/span><\/span><\/h3>\n<h3 style=\"margin-bottom: 0cm; text-align: right;\">\n<span style=\"font-size: small;\"><span style=\"font-weight: normal;\"><br \/><\/span><\/span><\/h3>\n<h3 style=\"margin-bottom: 0cm;\">\n<span style=\"font-size: large;\"><span style=\"font-family: inherit;\"><\/p>\n<div style=\"clear: both; text-align: center;\">\n<a href=\"https:\/\/3.bp.blogspot.com\/-duGLnkSjm_0\/WD2cqLZdPfI\/AAAAAAAAB24\/7osQDhH17uEjc0iFmiKz56XttYlepoYagCLcB\/s1600\/Copia%2Bde%2B_DSC0734-09.jpg\" style=\"margin-left: 1em; margin-right: 1em;\"><img loading=\"lazy\" decoding=\"async\" border=\"0\" height=\"572\" src=\"https:\/\/3.bp.blogspot.com\/-duGLnkSjm_0\/WD2cqLZdPfI\/AAAAAAAAB24\/7osQDhH17uEjc0iFmiKz56XttYlepoYagCLcB\/s640\/Copia%2Bde%2B_DSC0734-09.jpg\" width=\"640\" \/><\/a><\/div>\n<p><\/span><\/span><\/h3>\n<div style=\"clear: both; text-align: center;\">\n<\/div>\n<div style=\"margin-bottom: 0cm; text-align: center;\">\n<span style=\"font-size: large;\"><span style=\"font-family: inherit;\"><\/span><\/span><span style=\"font-size: large;\"><span style=\"font-family: inherit;\"><span style=\"font-size: small;\">Salva Artesero y Alicia Gonz\u00e1lez La\u00e1 en \u00abLa puerta blindada\u00bb.&nbsp;<\/span><\/span><\/span><\/div>\n<div style=\"margin-bottom: 0cm; text-align: center;\">\n<span style=\"font-size: large;\"><span style=\"font-family: inherit;\"><span style=\"font-size: small;\">(Fotograf\u00eda de Rub\u00e9n Ibarreta.)<\/span> <\/span><\/span><\/div>\n<div style=\"margin-bottom: 0cm;\">\n<\/div>\n<div style=\"margin-bottom: 0cm;\">\n<span style=\"font-size: large;\"><span style=\"font-family: inherit;\">Hacemos teatro para conmover al<br \/>\nespectador en sus cimientos: para emocionarlo y para prender un<br \/>\nchispazo inesperado en su pensamiento \u00edntimo. Con el estreno y las<br \/>\nprimeras representaciones de \u201c<a href=\"http:\/\/cosdelletra.blogspot.com.es\/2016\/10\/cos-de-lletra-estrena-la-puerta.html\" target=\"_blank\" rel=\"noopener\">La puerta blindada<\/a>\u201d en el Teatro<br \/>\nLagrada, nuestra obra ha probado felizmente su capacidad para cumplir<br \/>\neste prop\u00f3sito.<\/span><\/span><\/div>\n<p>\n<span style=\"font-size: large;\"><span style=\"font-family: inherit;\">A cada funci\u00f3n le han seguido, fuera<br \/>\nde programa, francas y esperanzadas conversaciones sobre el modo en<br \/>\nque unos y otros se hab\u00edan sentido interpelados por los personajes y<br \/>\nsus circunstancias, identificados con sus temores, sus anhelos y sus<br \/>\ndecepciones, empujados por su necesidad de obrar con coraje y<br \/>\ncoherencia. Entre la realidad y la utop\u00eda media un camino infinito,<br \/>\ny en esas charlas informales todos manifest\u00e1bamos sed de recorrer<br \/>\nnuestro modesto trecho. Ese deseo, fundamental en \u201cLa puerta<br \/>\nblindada\u201d, ha resonado decididamente en muchos espectadores.<\/span><\/span><br \/>\n<span style=\"font-size: large;\"><span style=\"font-family: inherit;\"><br \/>\n<\/span><\/span><br \/>\n<\/p>\n<div style=\"margin-bottom: 0cm;\">\n<br \/>\n<span style=\"font-size: large;\"><span style=\"font-family: inherit;\">\u00c9stas son algunas de sus opiniones:<\/span><\/span><\/div>\n<p><span style=\"font-size: large;\"><span style=\"font-family: inherit;\"><br \/>\n<\/span><\/span><br \/>\n<\/p>\n<div style=\"margin-bottom: 0cm;\">\n<span style=\"font-size: large;\"><span style=\"font-family: inherit;\">\u201cM\u00e1s que interesante desembarco de<br \/>\nla compa\u00f1\u00eda Cos de Lletra en Lagrada con &#8216;La puerta blindada&#8217;.<br \/>\n\u00a1Recomendable!\u201d<\/span><\/span><\/div>\n<p><span style=\"font-size: large;\"><span style=\"font-family: inherit;\"><br \/>\n<\/span><\/span><br \/>\n<\/p>\n<div style=\"margin-bottom: 0cm;\">\n<span style=\"font-size: large;\"><span style=\"font-family: inherit;\">\u201cLa obra es potente y las<br \/>\ninterpretaciones extraordinarias. \u00a1La aconsejo vivamente!\u201d<\/span><\/span><\/div>\n<p><span style=\"font-size: large;\"><span style=\"font-family: inherit;\"><br \/>\n<\/span><\/span><br \/>\n<\/p>\n<div style=\"margin-bottom: 0cm;\">\n<span style=\"font-size: large;\"><span style=\"font-family: inherit;\">\u201c\u00a1Impresionante! Me sent\u00ed part\u00edcipe<br \/>\nde la historia, que no dista mucho de c\u00f3mo me siento en el mundo.\u201d<\/span><\/span><\/div>\n<p><span style=\"font-size: large;\"><span style=\"font-family: inherit;\"><br \/>\n<\/span><\/span><br \/>\n<\/p>\n<div style=\"margin-bottom: 0cm;\">\n<span style=\"font-size: large;\"><span style=\"font-family: inherit;\">\u201c\u00a1Ojal\u00e1 el mundo que retrat\u00e1is<br \/>\ncambie pronto! Una mirada valiente y unos actores llenos de verdad.\u201d<\/span><\/span><\/div>\n<p><span style=\"font-size: large;\"><span style=\"font-family: inherit;\"><br \/>\n<\/span><\/span><br \/>\n<\/p>\n<div style=\"margin-bottom: 0cm;\">\n<span style=\"font-size: large;\"><span style=\"font-family: inherit;\">\u201cUna obra emocionante e intensa. Al<br \/>\nfinal, uno sale dispuesto a encender luces, abrir puertas, pensar&#8230;<br \/>\n\u00a1y a leer! \u00a1Bravo!\u201d<\/span><\/span><\/div>\n<p><span style=\"font-size: large;\"><span style=\"font-family: inherit;\"><br \/>\n<\/span><\/span><br \/>\n<\/p>\n<div style=\"margin-bottom: 0cm;\">\n<span style=\"font-size: large;\"><span style=\"font-family: inherit;\">\u201cGrandiosa, real, excelente.\u201d<\/span><\/span><\/div>\n<p><span style=\"font-size: large;\"><span style=\"font-family: inherit;\"><br \/>\n<\/span><\/span><br \/>\n<\/p>\n<div style=\"margin-bottom: 0cm;\">\n<br \/>\n<span style=\"font-size: large;\"><span style=\"font-family: inherit;\">Tambi\u00e9n el universo de libros y<br \/>\nlectura de \u201cLa puerta blindada\u201d y su m\u00e1s que sobria puesta en<br \/>\nescena \u2013concentrada<br \/>\nestrictamente en la palabra y la interpretaci\u00f3n\u2013<br \/>\nhan sido acogidos con una generosa bienvenida por otros profesionales<br \/>\ndel teatro. Os invitamos a <a href=\"https:\/\/ovejasmuertas.wordpress.com\/2016\/11\/26\/l-a-puerta-blindada-de-ruth-vilar-compania-cos-de-lletra\/\" target=\"_blank\" rel=\"noopener\">leer completas las rese\u00f1as de Ra\u00fal Hern\u00e1ndez Garrido y Luis Miguel Gonz\u00e1lez Cruz<\/a> que aqu\u00ed<br \/>\nextractamos:<\/span><\/span><\/div>\n<p>\n<span style=\"font-size: large;\"><span style=\"font-family: inherit;\">\u201cCon la presencia de &#8216;La puerta blindada&#8217; en el Teatro Lagrada se<br \/>\ndan muchos felices acontecimientos. Por una parte, el estreno de una<br \/>\npuesta en escena detallista y precisa, sensible y cuidada, con<br \/>\ninterpretaciones tan sobresalientes como ajustadas. Algo muy extra\u00f1o,<br \/>\nconsiderar que la obra se estren\u00f3 este jueves y que parece que ya<br \/>\nestuviera rodada por funciones y funciones, dado su gran nivel de<br \/>\najuste actoral. Por otra, la presentaci\u00f3n en Madrid, tras alguna<br \/>\nlectura dramatizada, de la compa\u00f1\u00eda Cos de Lletra y de la escritura<br \/>\nsugerente y a un mismo tiempo arriesgada de Ruth Vilar.\u201d PALABRAS,<br \/>\nPALABRAS, PALABRAS \/ Ra\u00fal Hern\u00e1ndez Garrido<\/span><\/span><br \/>\n<span style=\"font-size: large;\"><span style=\"font-family: inherit;\"><br \/>\n<\/span><\/span><span style=\"font-size: large;\"><span style=\"font-family: inherit;\"><br \/><\/span><\/span><span style=\"font-size: large;\"><span style=\"font-family: inherit;\"><\/span><\/span><span style=\"font-size: large;\"><span style=\"font-family: inherit;\">\u201c&#8217;La puerta blindada&#8217; propone un argumento de disturbios<br \/>\nsociales sobre un tema de mucho mayor calado cultural, que no es otro<br \/>\nque el de la funci\u00f3n y productividad de la cultura. Los libros<br \/>\nencerrados en bibliotecas, escondidos tras una puerta blindada, son<br \/>\nincapaces de generar producci\u00f3n cultural si no son le\u00eddos. Del<br \/>\nmismo modo que, si nadie se interesa por zambullirse en las lecturas,<br \/>\nsi no existe inter\u00e9s por experimentar el goce de la lectura, por<br \/>\nmuchas bibliotecas que un pa\u00eds posea, ese pa\u00eds seguir\u00e1 sumido en<br \/>\nla incultura.\u201d ACTOS REBELDES \/ Luis Miguel Gonz\u00e1lez Cruz<\/span><\/span><span style=\"font-size: large;\"><span style=\"font-family: inherit;\"><\/span><\/span><span style=\"font-size: large;\"><span style=\"font-family: inherit;\"><br \/>\n<\/span><\/span><br \/>\n<span style=\"font-size: large;\"><span style=\"font-family: inherit;\"><br \/><\/span><\/span><br \/>\n<br \/>\n<span style=\"font-size: large;\"><span style=\"font-family: inherit;\"><br \/>\n<\/span><\/span><span style=\"font-size: large;\"><span style=\"font-family: inherit;\">Y para acabar por el principio, aqu\u00ed os dejamos los enlaces a las<br \/>\npublicaciones que han difundido el estreno de \u201cLa puerta blindada\u201d<br \/>\ndurante las semanas previas.<\/span><\/span><\/p>\n<p><\/p>\n<div style=\"clear: both; text-align: center;\">\n<a href=\"https:\/\/4.bp.blogspot.com\/-t7xdHoom_yY\/WD2U8X1eOXI\/AAAAAAAAB2c\/HKJ4NnYtVaM3Z4NrBbnlc0lMw1lBvQNZQCLcB\/s1600\/El%2BPa%25C3%25ADs_20.11.16_La%2Bpuerta_Cos%2Bde%2BLletra.jpg\" style=\"margin-left: 1em; margin-right: 1em;\"><img loading=\"lazy\" decoding=\"async\" border=\"0\" height=\"528\" src=\"https:\/\/4.bp.blogspot.com\/-t7xdHoom_yY\/WD2U8X1eOXI\/AAAAAAAAB2c\/HKJ4NnYtVaM3Z4NrBbnlc0lMw1lBvQNZQCLcB\/s640\/El%2BPa%25C3%25ADs_20.11.16_La%2Bpuerta_Cos%2Bde%2BLletra.jpg\" width=\"640\" \/><\/a><\/div>\n<div style=\"text-align: center;\">\n<span style=\"font-size: large;\"><a href=\"http:\/\/ccaa.elpais.com\/ccaa\/2016\/11\/19\/madrid\/1479556368_236389.html\" target=\"_blank\" rel=\"noopener\"><span style=\"font-family: inherit;\">\u00abUn canto a la resistencia\u00bb<\/span><\/a><\/span><\/div>\n<div style=\"text-align: center;\">\n<span style=\"font-size: large;\"><a href=\"http:\/\/ccaa.elpais.com\/ccaa\/2016\/11\/19\/madrid\/1479556368_236389.html\" target=\"_blank\" rel=\"noopener\"><span style=\"font-family: inherit;\">Eduardo L\u00f3pez<\/span><\/a><\/span><\/div>\n<div style=\"text-align: center;\">\n<span style=\"font-size: large;\"><span style=\"font-family: inherit;\"><span style=\"font-family: inherit;\"><i>El Pa\u00eds<\/i>, 20\/11\/2016<\/span><\/span><\/span><\/div>\n<p><span style=\"font-size: large;\"><span style=\"font-family: inherit;\"><\/span><\/span><\/p>\n<div style=\"clear: both; text-align: center;\">\n<span style=\"font-size: large;\"><a href=\"https:\/\/4.bp.blogspot.com\/-MFsozB3w7aY\/WD2U53AxzPI\/AAAAAAAAB2Y\/2Vhvjy3_uwAxXG8QdX6kmf7KZUte-W90QCLcB\/s1600\/Ovejas%2Bmuertas-entrevista.png\" style=\"margin-left: 1em; margin-right: 1em;\"><img loading=\"lazy\" decoding=\"async\" border=\"0\" height=\"400\" src=\"https:\/\/4.bp.blogspot.com\/-MFsozB3w7aY\/WD2U53AxzPI\/AAAAAAAAB2Y\/2Vhvjy3_uwAxXG8QdX6kmf7KZUte-W90QCLcB\/s400\/Ovejas%2Bmuertas-entrevista.png\" width=\"345\" \/><\/a><\/span><\/div>\n<p><\/p>\n<div style=\"text-align: center;\">\n<span style=\"font-size: large;\"><a href=\"https:\/\/ovejasmuertas.wordpress.com\/2016\/11\/22\/ruth-vilar-la-vida-se-vive-como-venga-no-vale-refugiarse-tras-las-ruedas-de-molino-con-las-que-nos-querrian-hacer-comulgar\/\" target=\"_blank\" rel=\"noopener\"><span style=\"font-family: inherit;\">\u00abLa vida se vive como venga\u00bb<\/span><\/a><\/span><\/div>\n<div style=\"text-align: center;\">\n<span style=\"font-size: large;\"><a href=\"https:\/\/ovejasmuertas.wordpress.com\/2016\/11\/22\/ruth-vilar-la-vida-se-vive-como-venga-no-vale-refugiarse-tras-las-ruedas-de-molino-con-las-que-nos-querrian-hacer-comulgar\/\" target=\"_blank\" rel=\"noopener\"><span style=\"font-family: inherit;\">Eva Redondo conversa con Ruth Vilar<\/span><\/a><\/span><\/div>\n<div style=\"text-align: center;\">\n<span style=\"font-size: large;\"><span style=\"font-family: inherit;\"><span style=\"font-family: inherit;\"><i>Ovejas muertas<\/i>, 22\/11\/2016<\/span><\/span><\/span><\/div>\n<div style=\"text-align: center;\">\n<\/div>\n<div style=\"text-align: left;\">\n<div style=\"text-align: center;\">\n<span style=\"font-size: large;\"><span style=\"font-family: inherit;\"><span style=\"font-family: inherit;\">&nbsp;Y tambi\u00e9n <a href=\"http:\/\/www.artezblai.com\/artezblai\/cos-de-lletra-estrena-la-puerta-blindada-de-ruth-vilar-en-el-teatro-lagrada-de-madrid.html\" target=\"_blank\" rel=\"noopener\"><i>Artezblai<\/i><\/a>, <a href=\"http:\/\/madridesteatro.com\/la-puerta-blindada\/\" target=\"_blank\" rel=\"noopener\"><i>Madrid es Teatro<\/i><\/a> o <a href=\"http:\/\/www.escenagodoff.com\/obras\/1921-La-puerta-blindada\" target=\"_blank\" rel=\"noopener\"><i>Godoff<\/i><\/a>, entre otros.<\/span><\/span><\/span><\/div>\n<p><\/p>\n<div style=\"text-align: right;\">\n<span style=\"font-size: large;\"><span style=\"font-family: inherit;\"><span style=\"font-family: inherit;\">Noviembre, 2016.<\/span><\/span><\/span><\/div>\n<div style=\"text-align: right;\">\n<\/div>\n<\/div>\n<div style=\"text-align: left;\">\n<\/div>\n","protected":false},"excerpt":{"rendered":"<p>Sobre el estreno de \u00abLa puerta blindada\u00bb de Ruth Vilar&nbsp; &nbsp; &nbsp;&nbsp; Contrataci\u00f3n: cosdelletra@gmail.com 609 28 01 79 \/ 93 8660078 Salva Artesero y Alicia Gonz\u00e1lez La\u00e1 en \u00abLa puerta blindada\u00bb.&nbsp; (Fotograf\u00eda de Rub\u00e9n Ibarreta.) Hacemos teatro para conmover al espectador en sus cimientos: para emocionarlo y para prender un chispazo inesperado en su pensamiento [&hellip;]<\/p>\n","protected":false},"author":2,"featured_media":0,"comment_status":"open","ping_status":"open","sticky":false,"template":"","format":"standard","meta":{"footnotes":""},"categories":[55,25],"tags":[],"class_list":["post-96","post","type-post","status-publish","format-standard","hentry","category-cos-de-lletra-en-madrid","category-la-puerta-blindada"],"_links":{"self":[{"href":"https:\/\/cosdelletra.com\/index.php\/wp-json\/wp\/v2\/posts\/96","targetHints":{"allow":["GET"]}}],"collection":[{"href":"https:\/\/cosdelletra.com\/index.php\/wp-json\/wp\/v2\/posts"}],"about":[{"href":"https:\/\/cosdelletra.com\/index.php\/wp-json\/wp\/v2\/types\/post"}],"author":[{"embeddable":true,"href":"https:\/\/cosdelletra.com\/index.php\/wp-json\/wp\/v2\/users\/2"}],"replies":[{"embeddable":true,"href":"https:\/\/cosdelletra.com\/index.php\/wp-json\/wp\/v2\/comments?post=96"}],"version-history":[{"count":0,"href":"https:\/\/cosdelletra.com\/index.php\/wp-json\/wp\/v2\/posts\/96\/revisions"}],"wp:attachment":[{"href":"https:\/\/cosdelletra.com\/index.php\/wp-json\/wp\/v2\/media?parent=96"}],"wp:term":[{"taxonomy":"category","embeddable":true,"href":"https:\/\/cosdelletra.com\/index.php\/wp-json\/wp\/v2\/categories?post=96"},{"taxonomy":"post_tag","embeddable":true,"href":"https:\/\/cosdelletra.com\/index.php\/wp-json\/wp\/v2\/tags?post=96"}],"curies":[{"name":"wp","href":"https:\/\/api.w.org\/{rel}","templated":true}]}}