{"id":75,"date":"2018-04-20T11:15:00","date_gmt":"2018-04-20T11:15:00","guid":{"rendered":"https:\/\/cosdelletra.com\/index.php\/2018\/04\/20\/resenas-sobre-las-avidas-raices-de-ruth-vilar\/"},"modified":"2018-04-20T11:15:00","modified_gmt":"2018-04-20T11:15:00","slug":"resenas-sobre-las-avidas-raices-de-ruth-vilar","status":"publish","type":"post","link":"https:\/\/cosdelletra.com\/index.php\/2018\/04\/20\/resenas-sobre-las-avidas-raices-de-ruth-vilar\/","title":{"rendered":"RESE\u00d1AS SOBRE \u00abLAS \u00c1VIDAS RA\u00cdCES\u00bb DE RUTH VILAR"},"content":{"rendered":"<div align=\"CENTER\" style=\"margin-bottom: 0cm;\">\n<span style=\"font-size: large;\"><span style=\"font-family: inherit;\">ART\u00cdCULOS DE EVA HIBERNIA Y CAROLINA VI\u00d1AR\u00c1S<\/span><\/span><\/div>\n<div align=\"CENTER\" style=\"margin-bottom: 0cm;\">\n<\/div>\n<div align=\"CENTER\" style=\"margin-bottom: 0cm;\">\n<\/div>\n<div style=\"text-align: center;\">\n<a href=\"http:\/\/cosdelletra.blogspot.com\/2017\/11\/las-avidas-raices-y-objetos-punzantes.html\" target=\"_blank\" rel=\"noopener\"><span style=\"font-size: large;\"><span style=\"font-family: inherit;\">LAS \u00c1VIDAS RA\u00cdCES\/OBJETOS PUNZANTES<\/span><\/span><\/a><\/div>\n<div style=\"margin-bottom: 0cm; text-align: center;\">\n<span style=\"font-size: large;\"><span style=\"font-family: inherit;\">Ruth Vilar<\/span><\/span><\/div>\n<div style=\"text-align: center;\">\n<span style=\"font-size: large;\"><span style=\"font-family: inherit;\"><br \/>\n<\/span><\/span><\/div>\n<div style=\"margin-bottom: 0cm; text-align: center;\">\n<span style=\"font-size: large;\"><span style=\"font-family: inherit;\"><a href=\"http:\/\/www.edicionesinvasoras.com\/\" target=\"_blank\" rel=\"noopener\">Ediciones Invasoras<\/a>, 2017.<\/span><\/span><\/div>\n<div style=\"text-align: right;\">\n<span style=\"font-size: large;\"><span style=\"font-family: inherit;\"><br \/>\n<\/span><\/span><\/div>\n<div style=\"margin-bottom: 0cm;\">\n<span style=\"font-size: large;\"><span style=\"font-family: inherit;\"><br \/><\/span><\/span>\n<\/div>\n<div style=\"clear: both; text-align: center;\">\n<a href=\"https:\/\/1.bp.blogspot.com\/-OkP7jwKaK7I\/WyeLQZmziUI\/AAAAAAAAChc\/vuNKsXl5hhg5Kr6DuFCLx0zQxYXF6HZFwCLcBGAs\/s1600\/PA-354.jpg\" style=\"margin-left: 1em; margin-right: 1em;\"><img decoding=\"async\" border=\"0\" data-original-height=\"703\" data-original-width=\"492\" src=\"https:\/\/1.bp.blogspot.com\/-OkP7jwKaK7I\/WyeLQZmziUI\/AAAAAAAAChc\/vuNKsXl5hhg5Kr6DuFCLx0zQxYXF6HZFwCLcBGAs\/s1600\/PA-354.jpg\" \/><\/a><\/div>\n<div style=\"margin-bottom: 0cm;\">\n<span style=\"font-size: large;\"><span style=\"font-family: inherit;\"><br \/><\/span><\/span>\n<\/div>\n<p><span style=\"font-size: large;\"><span style=\"font-family: inherit;\"><br \/>\n<\/span><\/span><br \/>\n<\/p>\n<div style=\"margin-bottom: 0cm; text-align: center;\">\n<span style=\"font-size: large;\"><span style=\"font-family: inherit;\">RADIOGRAF\u00cdAS DE LAS ZONAS<br \/>\nDOLIENTES<\/span><\/span><\/div>\n<div style=\"margin-bottom: 0cm; text-align: center;\">\n<span style=\"font-size: large;\"><span style=\"font-family: inherit;\"><a href=\"http:\/\/www.evahibernia.blogspot.com\/\" target=\"_blank\" rel=\"noopener\">Eva Hibernia<\/a> <\/span><\/span><\/div>\n<div style=\"margin-bottom: 0cm; text-align: center;\">\n<a href=\"http:\/\/www.primeracto.com\/revistas\/primer-acto-354\" target=\"_blank\" rel=\"noopener\"><span style=\"font-size: large;\"><span style=\"font-family: inherit;\"><i>Primer Acto<\/i>, n\u00ba 354, I\/2018<\/span><\/span><\/a><\/div>\n<div style=\"margin-bottom: 0cm; text-align: center;\">\n<\/div>\n<p><span style=\"font-size: large;\"><span style=\"font-family: inherit;\"><br \/>\n<\/span><\/span><br \/>\n<\/p>\n<div align=\"JUSTIFY\" style=\"line-height: 150%; margin-bottom: 0cm;\">\n<span style=\"font-size: large;\"><span style=\"font-family: inherit;\">La<br \/>\ndramaturgia de Ruth Vilar usa colores parcos, profundos, elementales.<br \/>\nEs una paleta sobre la que ha ido investigando tenazmente a lo largo<br \/>\nde una decena de textos, sumando  los propios y las dos dramaturgias<br \/>\npara los espect\u00e1culos realizados con su compa\u00f1\u00eda,<span style=\"font-style: normal;\"><br \/>\n<\/span><span style=\"font-style: normal;\"><span style=\"background: transparent;\"><a href=\"http:\/\/cosdelletra.blogspot.com\/\" target=\"_blank\" rel=\"noopener\">Cos de Lletra<\/a>,<\/span><\/span> que ten\u00edan en <a href=\"http:\/\/cosdelletra.blogspot.com\/search\/label\/LOS%20NI%C3%91OS%20TONTOS\" target=\"_blank\" rel=\"noopener\">Ana Mar\u00eda Matute<\/a> y <a href=\"http:\/\/cosdelletra.blogspot.com\/search\/label\/MA%C3%91ANA%20MA%C3%91ANA%20El%20Teatro%20Inconcluso%20de%20Federico%20Garc%C3%ADa%20Lorca\" target=\"_blank\" rel=\"noopener\">Federico Garc\u00eda Lorca<\/a> sus dos referentes matrices. En estos a\u00f1os de<br \/>\ntrayectoria hemos podido asistir a la edici\u00f3n de varios de sus<br \/>\ntextos, primero en catal\u00e1n  y de la mano, sobre todo, de la<br \/>\neditorial RE&amp;MA12 \u2013<i><a href=\"http:\/\/cosdelletra.blogspot.com\/search\/label\/Cinc%20vares%20de%20terra\" target=\"_blank\" rel=\"noopener\">Cinc vares de terra<\/a>, <a href=\"http:\/\/cosdelletra.blogspot.com\/search\/label\/La%20tr%C3%A0gica%20mort%20de%20la%20barbuda\" target=\"_blank\" rel=\"noopener\">La tr\u00e0gica mort de la barbuda<\/a>, <a href=\"http:\/\/cosdelletra.blogspot.com\/search\/label\/L%27ESPEDA%C3%87AMENT\" target=\"_blank\" rel=\"noopener\">L&#8217;espeda\u00e7ament<\/a>\u2013 <\/i><span style=\"font-style: normal;\">y<br \/>\nen estos \u00faltimos a\u00f1os tambi\u00e9n de sus textos en castellano gracias<br \/>\na logros como el Premio Internacional de Teatro de Autor Domingo<br \/>\nP\u00e9rez Minik, que gan\u00f3 con su inquietante <\/span><i><a href=\"http:\/\/cosdelletra.blogspot.com\/search?q=la+puerta+blindada\" target=\"_blank\" rel=\"noopener\">La puerta blindada<\/a>, <\/i><span style=\"font-style: normal;\">o al presente volumen<br \/>\ncon dos obras que comparten una misma manera de enfocar y resolver el<br \/>\nmundo dram\u00e1tico all\u00ed expuesto.<\/span><\/span><\/span><\/div>\n<p><span style=\"font-size: large;\"><span style=\"font-family: inherit;\"><br \/>\n<\/span><\/span><br \/>\n<\/p>\n<div align=\"JUSTIFY\" style=\"font-style: normal; line-height: 150%; margin-bottom: 0cm;\">\n<span style=\"font-size: large;\"><span style=\"font-family: inherit;\"><br \/><\/span><\/span>\n<\/div>\n<p><span style=\"font-size: large;\"><span style=\"font-family: inherit;\"><br \/>\n<\/span><\/span><br \/>\n<\/p>\n<div align=\"JUSTIFY\" style=\"line-height: 150%; margin-bottom: 0cm;\">\n<span style=\"font-size: large;\"><span style=\"font-family: inherit;\"><span style=\"font-style: normal;\">Los<br \/>\n<\/span><i>Objetos punzantes <\/i><span style=\"font-style: normal;\">son<br \/>\nun mosaico de textos brev\u00edsimos, algunos de los cuales los lectores<br \/>\nde \u201c<a href=\"http:\/\/prospeccionespertejo.blogspot.com\/\" target=\"_blank\" rel=\"noopener\">Las u\u00f1as negras<\/a>\u201d, el blog miscel\u00e1nico que gestiona la<br \/>\nautora <\/span><span style=\"font-style: normal;\"><span style=\"background: transparent;\">bajo<br \/>\nel seud\u00f3nimo de Pepa Pertejo,<\/span><\/span><span style=\"font-style: normal;\"><br \/>\nya hab\u00edan podido disfrutar. La libertad que se ha dado Vilar en<br \/>\nproponer un espacio teatral breve como un rayo, aut\u00f3nomo e<br \/>\nintemporal, me remite a los tiempos en que los escritores ten\u00edan<br \/>\nespacios de creaci\u00f3n en los peri\u00f3dicos e incluso publicaban sus<br \/>\nescritos por entregas. Y es que los \u201cobjetos\u201d que forman este<br \/>\nmuestrario tienen la particularidad de entroncar con una tradici\u00f3n<br \/>\nliteraria y con una l\u00ednea est\u00e9tica que subyace en una buena parte<br \/>\nde la mirada al mundo y a los problemas esencialmente humanos que<br \/>\nmuchos de nuestros pintores, fil\u00f3sofos, poetas y escritores han<br \/>\nlabrado a trav\u00e9s de sus obras. Son las tonalidades parcas, oscuras,<br \/>\nde las que habl\u00e1bamos al principio, tan queridas por esta autora, a<br \/>\nlas que suma trazos duros, afilados, torsionados a veces hasta lo<br \/>\nrid\u00edculo, lo tr\u00e1gico o lo farsesco, y es ah\u00ed donde sentimos, entre<br \/>\nobjeto y<\/span><span style=\"font-style: normal;\"><span style=\"background: transparent;\"><br \/>\nobjeto<\/span><\/span><span style=\"font-style: normal;\">, pasearse al<br \/>\nGoya m\u00e1s decepcionado o a ese pariente suyo que en esta nuestra<br \/>\ncontemporaneidad sabiamente nos acompa\u00f1a: El Roto. Cada pieza est\u00e1<br \/>\ncondensada en una imagen poderosa y esencial. Esa esencialidad<br \/>\nrecorre todo el conjunto, depura las palabras y las acciones y<br \/>\nprecisa que los personajes protagonistas de di\u00e1logos y mon\u00f3logos<br \/>\nsean nombrados como categor\u00edas primordiales: Mujer, Hombre, Vieja,<br \/>\nMadre, Hijo, Hermano menor, Joven; aunque tambi\u00e9n se construye la<br \/>\nm\u00e1scara y el hueso tras ella por su funci\u00f3n o condici\u00f3n, en<br \/>\nocasiones no exentas de un matiz humor\u00edstico: La Suplicante, La<br \/>\nAcusada, El Irreprochable, La Indagadora, La Insomne, Bueno,<br \/>\nTax\u00f3nomo, etc. El accionar al personaje desde ese trazo r\u00e1pido, de<br \/>\nboceto, subrayando la arquetipicidad, la referencia b\u00edblica o la<br \/>\ncoloratura del adjetivo que lo califica, permite que con muy poco la<br \/>\nautora consiga escenas rotundas y desasosegantes, pues en esas<br \/>\npeque\u00f1as c\u00e1psulas de tiempo dram\u00e1tico parecen vibrar conflictos<br \/>\nperennes e irresolubles, acertijos, pesadillas, tumoraciones<br \/>\nfilos\u00f3ficas. Es como si cada objeto o pieza fuera una radiograf\u00eda,<br \/>\nese golpe de luz alrededor de la mancha enferma que necesita<br \/>\nrevelarse, pues era un dolor sin nombre preciso, es decir, con esos<br \/>\nnombres que todos compartimos porque somos hombres, mujeres, buenos,<br \/>\nsuplicantes, hermanos, indagadores, etc.<\/span><\/span><\/span><\/div>\n<p><span style=\"font-size: large;\"><span style=\"font-family: inherit;\"><br \/>\n<\/span><\/span><br \/>\n<\/p>\n<div align=\"JUSTIFY\" style=\"font-style: normal; line-height: 150%; margin-bottom: 0cm;\">\n<span style=\"font-size: large;\"><span style=\"font-family: inherit;\"><br \/><\/span><\/span>\n<\/div>\n<p><span style=\"font-size: large;\"><span style=\"font-family: inherit;\"><br \/>\n<\/span><\/span><br \/>\n<\/p>\n<div align=\"JUSTIFY\" style=\"line-height: 150%; margin-bottom: 0cm;\">\n<span style=\"font-size: large;\"><span style=\"font-family: inherit;\"><span style=\"font-style: normal;\">El<br \/>\ntexto de <\/span><a href=\"http:\/\/cosdelletra.blogspot.com\/2017\/08\/las-avidas-raices-de-ruth-vilar.html\" target=\"_blank\" rel=\"noopener\"><i>Las \u00e1vidas ra\u00edces<\/i><\/a><span style=\"font-style: normal;\"><br \/>\nparte de algunos de los <\/span><i>Objetos punzantes, <\/i><span style=\"font-style: normal;\">en<br \/>\nconcreto de los que se refieren a la relaci\u00f3n madre e hijo y se<br \/>\nencuentran en la categor\u00eda <\/span><i>Yerro de cuentas. <\/i><span style=\"font-style: normal;\">La<br \/>\nautora, junto a su compa\u00f1\u00eda, investig\u00f3 primero en un espect\u00e1culo<br \/>\nde unos <\/span><span style=\"font-style: normal;\"><span style=\"background: transparent;\">20<br \/>\n<\/span><\/span><span style=\"font-style: normal;\">minutos titulado<br \/>\n<\/span><a href=\"http:\/\/cosdelletra.blogspot.com\/2016\/08\/cos-de-lletra-estrena-en-barcelona.html\" target=\"_blank\" rel=\"noopener\"><i>Muescas m\u00e1s hondas<\/i><\/a><span style=\"font-style: normal;\"><br \/>\nque fue presentado en el <\/span><span style=\"font-style: normal;\"><span style=\"background: transparent;\">Teatre<br \/>\nAkad\u00e8mia <\/span><\/span><span style=\"font-style: normal;\">de<br \/>\nBarcelona. A partir de ah\u00ed y de las posibilidades que presentaban el<br \/>\ntema y el tono la autora elabor\u00f3 un texto que fue modificando y<br \/>\nhaciendo crecer a pie de ensayo hasta llegar a la versi\u00f3n que<br \/>\npresenta en esta edici\u00f3n y que fue estrenada en la Sala Sandaru. Las<br \/>\nhuellas de la direcci\u00f3n esc\u00e9nica se entrev\u00e9n en algunas de las<br \/>\nsomeras acotaciones. El texto, en su desnudez, parece ser ese<br \/>\nsubtexto emocional, irracional, impositivo, que late detr\u00e1s de un<br \/>\ndi\u00e1logo que ya no escuchamos pero que el lector\/espectador reconoce.<br \/>\nNuevamente tenemos la estrategia de la radiograf\u00eda, la luz de la<br \/>\npalabra penetra en el di\u00e1logo no audible del amor, revelando con su<br \/>\ncrudo claroscuro, con su humor, ternura, locura y pavor esas zonas<br \/>\ndolientes, la extra\u00f1a anatom\u00eda que nos conforma cuando el amor es<br \/>\nocupaci\u00f3n.<\/span><\/span><\/span><\/div>\n<p><span style=\"font-size: large;\"><span style=\"font-family: inherit;\"><br \/>\n<\/span><\/span><br \/>\n<\/p>\n<div style=\"font-style: normal; line-height: 150%; margin-bottom: 0cm; text-align: center;\">\n<span style=\"font-size: large;\"><span style=\"font-family: inherit;\"><br \/><\/span><\/span>\n<\/div>\n<div style=\"font-style: normal; line-height: 150%; margin-bottom: 0cm; text-align: center;\">\n<span style=\"font-size: large;\"><span style=\"font-family: inherit;\"><br \/><\/span><\/span>\n<\/div>\n<div style=\"font-style: normal; line-height: 150%; margin-bottom: 0cm; text-align: center;\">\n<span style=\"font-size: large;\"><span style=\"font-family: inherit;\">* * *<\/span><\/span><\/div>\n<div style=\"font-style: normal; line-height: 150%; margin-bottom: 0cm; text-align: center;\">\n<\/div>\n<div style=\"font-style: normal; line-height: 150%; margin-bottom: 0cm; text-align: center;\">\n<span style=\"font-size: large;\"><span style=\"font-family: inherit;\"><\/span><\/span><\/div>\n<div style=\"clear: both; text-align: center;\">\n<span style=\"font-size: large;\"><a href=\"https:\/\/3.bp.blogspot.com\/-_KZWkWanLTs\/WyeLu9lgq2I\/AAAAAAAAChk\/hY2mM-KYOw8oqaweM9XwN5XLQCXN2TNPwCLcBGAs\/s1600\/portada_anagnorisis_n17-es.png\" style=\"margin-left: 1em; margin-right: 1em;\"><img loading=\"lazy\" decoding=\"async\" border=\"0\" data-original-height=\"842\" data-original-width=\"595\" height=\"640\" src=\"https:\/\/3.bp.blogspot.com\/-_KZWkWanLTs\/WyeLu9lgq2I\/AAAAAAAAChk\/hY2mM-KYOw8oqaweM9XwN5XLQCXN2TNPwCLcBGAs\/s640\/portada_anagnorisis_n17-es.png\" width=\"451\" \/><\/a><\/span><\/div>\n<p><\/p>\n<div style=\"font-style: normal; line-height: 150%; margin-bottom: 0cm; text-align: center;\">\n<span style=\"font-size: large;\"><span style=\"font-family: inherit;\"><br \/><\/span><\/span>\n<\/div>\n<p><span style=\"font-size: large;\"><span style=\"font-family: inherit;\"><\/span><\/span><\/p>\n<div style=\"text-align: center;\">\n<span style=\"font-size: large;\"><span style=\"font-family: inherit;\"><a href=\"http:\/\/anagnorisis.es\/pdfs\/n17\/CarolinaVinaras(151-155)n17.pdf\">LAS \u00c1VIDAS RA\u00cdCES Y OBJETOS PUNZANTES<\/a><\/span><\/span><br \/>\n<span style=\"font-size: large;\"><span style=\"font-family: inherit;\"><a href=\"http:\/\/anagnorisis.es\/pdfs\/n17\/CarolinaVinaras(151-155)n17.pdf\">Carolina Vi\u00f1ar\u00e1s<\/a><\/span><\/span><br \/>\n<span style=\"font-size: large;\"><span style=\"font-family: inherit;\"><a href=\"http:\/\/www.anagnorisis.es\/\">Anagn\u00f3risis. Revista de investigaci\u00f3n teatral<\/a>, n\u00ba. 17, junio de 2018<\/span><\/span><\/div>\n<div style=\"font-style: normal; line-height: 150%; margin-bottom: 0cm; text-align: center;\">\n<span style=\"font-size: large;\"><span style=\"font-family: inherit;\">&nbsp;<\/span><\/span><span style=\"font-size: large;\"><span style=\"font-family: inherit;\"> <\/span><\/span><\/div>\n<div style=\"font-style: normal; line-height: 150%; margin-bottom: 0cm; text-align: center;\">\n<\/div>\n<div style=\"font-style: normal; line-height: 150%; margin-bottom: 0cm; text-align: justify;\">\n<span style=\"font-size: large;\"><span style=\"font-family: inherit;\">&nbsp;&nbsp;&nbsp;&nbsp; Ruth Vilar, escritora y directora teatral, traza una agridulce alegor\u00eda sobre el amor materno-filial en <i>Las \u00e1vidas ra\u00edces<\/i>, pos\u00e1ndose en el lado t\u00f3xico de este, en la relaci\u00f3n asfixiante que el cari\u00f1o desmedido teje alrededor de la descendencia.<\/span><\/span><\/div>\n<div style=\"font-style: normal; line-height: 150%; margin-bottom: 0cm; text-align: justify;\">\n<\/div>\n<div style=\"font-style: normal; line-height: 150%; margin-bottom: 0cm; text-align: justify;\">\n<span style=\"font-size: large;\"><span style=\"font-family: inherit;\">&nbsp; &nbsp;&nbsp; Solo dos personajes: Madre e Hijo para este texto teatral que se divide en cinco actos correspondidos con la evoluci\u00f3n y crecimiento del v\u00e1stago, desde su incipiente existencia a\u00fan en el seno materno y su primer contacto con la vida, sus primeros a\u00f1os, su adolescencia plagada de preguntas sin respuestas n\u00edtidas, su autodeterminaci\u00f3n frente al control materno hasta el consiguiente abandono del nido para su desarrollo como persona aut\u00f3noma. [&#8230;]&nbsp; <\/span><\/span><\/div>\n<div style=\"font-style: normal; line-height: 150%; margin-bottom: 0cm; text-align: justify;\">\n<\/div>\n<div style=\"font-style: normal; line-height: 150%; margin-bottom: 0cm; text-align: justify;\">\n<span style=\"font-size: large;\"><span style=\"font-family: inherit;\">Las ra\u00edces amarran con excesiva fuerza el tierno tallo brotado  y son<br \/>\nincapaces de permitir su ansiado florecimiento. El solo hecho de nacer y<br \/>\n los cuidados recibidos se convierten en una  deuda eterna imposible de<br \/>\nsaldar. [&#8230;]<\/span><\/span><\/div>\n<div style=\"font-style: normal; line-height: 150%; margin-bottom: 0cm; text-align: justify;\">\n<\/div>\n<div style=\"font-style: normal; line-height: 150%; margin-bottom: 0cm; text-align: justify;\">\n<span style=\"font-size: large;\"><span style=\"font-family: inherit;\"><i>Objetos punzantes <\/i>amalgama un conjunto de peque\u00f1as y afiladas obras dram\u00e1ticas: afiladas porque pueden rasgar y despertar la conciencia que late en estado on\u00edrico, afiladas porque hacen frente a los usos morales cotidianos, y afiladas porque descubren una abrumadora realidad que subsiste al abrigo de la inexorable normalidad. [&#8230;]<\/span><\/span><\/div>\n<div style=\"font-style: normal; line-height: 150%; margin-bottom: 0cm; text-align: justify;\">\n<span style=\"font-size: large;\"><span style=\"font-family: inherit;\"><br \/><\/span><\/span><\/div>\n<div style=\"font-style: normal; line-height: 150%; margin-bottom: 0cm; text-align: justify;\">\n<span style=\"font-size: large;\"><span style=\"font-family: inherit;\">Este poli\u00e9drico volumen encierra anhelos y esperanzas del alma, mientras que vivifica las conductas humanas con un objetivismo abrasador.<\/span><\/span><\/div>\n<div style=\"font-style: normal; line-height: 150%; margin-bottom: 0cm; text-align: justify;\">\n<span style=\"font-size: large;\"><span style=\"font-family: inherit;\"><br \/><\/span><\/span><\/div>\n<div style=\"font-style: normal; line-height: 150%; margin-bottom: 0cm; text-align: justify;\">\n<span style=\"font-size: large;\"><span style=\"font-family: inherit;\"><a href=\"http:\/\/anagnorisis.es\/pdfs\/n17\/CarolinaVinaras(151-155)n17.pdf\" target=\"_blank\" rel=\"noopener\">Art\u00edculo \u00edntegro<\/a><\/span><\/span><\/div>\n<div style=\"font-style: normal; line-height: 150%; margin-bottom: 0cm; text-align: justify;\">\n<span style=\"font-size: large;\"><span style=\"font-family: inherit;\"><br \/><\/span><\/span><\/div>\n<div style=\"font-style: normal; line-height: 150%; margin-bottom: 0cm; text-align: justify;\">\n<\/div>\n<div style=\"clear: both; text-align: center;\">\n<a href=\"https:\/\/3.bp.blogspot.com\/-YeB-B2W_KV4\/WyeSMR2VCXI\/AAAAAAAAChw\/dzofo99dJggScV98E7kb-g2vjRzd_RTcgCLcBGAs\/s1600\/las%2Bavidas%2Braices_ruth-vilar_ediciones-invasoras.jpg\" style=\"margin-left: 1em; margin-right: 1em;\"><img loading=\"lazy\" decoding=\"async\" border=\"0\" data-original-height=\"960\" data-original-width=\"633\" height=\"640\" src=\"https:\/\/3.bp.blogspot.com\/-YeB-B2W_KV4\/WyeSMR2VCXI\/AAAAAAAAChw\/dzofo99dJggScV98E7kb-g2vjRzd_RTcgCLcBGAs\/s640\/las%2Bavidas%2Braices_ruth-vilar_ediciones-invasoras.jpg\" width=\"422\" \/><\/a><\/div>\n<div style=\"font-style: normal; line-height: 150%; margin-bottom: 0cm; text-align: justify;\">\n<span style=\"font-size: large;\"><span style=\"font-family: inherit;\"><br \/><\/span><\/span><\/div>\n<div style=\"font-style: normal; line-height: 150%; margin-bottom: 0cm; text-align: center;\">\n<\/div>\n<div style=\"font-style: normal; line-height: 150%; margin-bottom: 0cm; text-align: center;\">\n<\/div>\n<div align=\"JUSTIFY\" style=\"font-style: normal; line-height: 150%; margin-bottom: 0cm;\">\n<\/div>\n<div align=\"JUSTIFY\" style=\"font-style: normal; line-height: 150%; margin-bottom: 0cm;\">\n<\/div>\n","protected":false},"excerpt":{"rendered":"<p>ART\u00cdCULOS DE EVA HIBERNIA Y CAROLINA VI\u00d1AR\u00c1S LAS \u00c1VIDAS RA\u00cdCES\/OBJETOS PUNZANTES Ruth Vilar Ediciones Invasoras, 2017. RADIOGRAF\u00cdAS DE LAS ZONAS DOLIENTES Eva Hibernia Primer Acto, n\u00ba 354, I\/2018 La dramaturgia de Ruth Vilar usa colores parcos, profundos, elementales. Es una paleta sobre la que ha ido investigando tenazmente a lo largo de una decena de [&hellip;]<\/p>\n","protected":false},"author":2,"featured_media":0,"comment_status":"open","ping_status":"open","sticky":false,"template":"","format":"standard","meta":{"footnotes":""},"categories":[10,38,2],"tags":[],"class_list":["post-75","post","type-post","status-publish","format-standard","hentry","category-las-avidas-raices","category-objetos-punzantes","category-obres-de-ruth-vilar"],"_links":{"self":[{"href":"https:\/\/cosdelletra.com\/index.php\/wp-json\/wp\/v2\/posts\/75","targetHints":{"allow":["GET"]}}],"collection":[{"href":"https:\/\/cosdelletra.com\/index.php\/wp-json\/wp\/v2\/posts"}],"about":[{"href":"https:\/\/cosdelletra.com\/index.php\/wp-json\/wp\/v2\/types\/post"}],"author":[{"embeddable":true,"href":"https:\/\/cosdelletra.com\/index.php\/wp-json\/wp\/v2\/users\/2"}],"replies":[{"embeddable":true,"href":"https:\/\/cosdelletra.com\/index.php\/wp-json\/wp\/v2\/comments?post=75"}],"version-history":[{"count":0,"href":"https:\/\/cosdelletra.com\/index.php\/wp-json\/wp\/v2\/posts\/75\/revisions"}],"wp:attachment":[{"href":"https:\/\/cosdelletra.com\/index.php\/wp-json\/wp\/v2\/media?parent=75"}],"wp:term":[{"taxonomy":"category","embeddable":true,"href":"https:\/\/cosdelletra.com\/index.php\/wp-json\/wp\/v2\/categories?post=75"},{"taxonomy":"post_tag","embeddable":true,"href":"https:\/\/cosdelletra.com\/index.php\/wp-json\/wp\/v2\/tags?post=75"}],"curies":[{"name":"wp","href":"https:\/\/api.w.org\/{rel}","templated":true}]}}