{"id":71,"date":"2018-11-01T13:49:00","date_gmt":"2018-11-01T13:49:00","guid":{"rendered":"https:\/\/cosdelletra.com\/index.php\/2018\/11\/01\/club-de-lectura-jove\/"},"modified":"2018-11-01T13:49:00","modified_gmt":"2018-11-01T13:49:00","slug":"club-de-lectura-jove","status":"publish","type":"post","link":"https:\/\/cosdelletra.com\/index.php\/2018\/11\/01\/club-de-lectura-jove\/","title":{"rendered":"CLUB DE LECTURA JOVE"},"content":{"rendered":"<div style=\"text-align: center;\">\n<span style=\"font-size: x-large;\"><span style=\"font-family: inherit;\"><\/span><\/span><span style=\"font-size: x-large;\"><span style=\"font-family: inherit;\">Llegim per gust, no per obligaci\u00f3.<\/span><\/span><br \/>\n<span style=\"font-size: x-large;\"><span style=\"font-family: inherit;\">Escrivim per expressar qui som i qu\u00e8 volem.<\/span><\/span><span style=\"font-size: x-large;\"><span style=\"font-family: inherit;\">&nbsp;<\/span><\/span><\/div>\n<div style=\"text-align: center;\">\n<span style=\"font-size: x-large;\"><span style=\"font-family: inherit;\">Compartim idees, emocions i descobriments.<\/span><\/span><br \/>\n<span style=\"font-size: x-large;\"><\/span><span style=\"font-size: x-large;\"><span style=\"font-family: inherit;\">Diem la nostra. <\/span><\/span><\/div>\n<p><span style=\"font-size: large;\"><span style=\"font-family: inherit;\"><br \/>\n<\/span><\/span><br \/>\n<\/p>\n<div style=\"line-height: 150%;\">\n<\/div>\n<div style=\"line-height: 150%; text-align: center;\">\n<span style=\"font-size: large;\"><span style=\"font-family: inherit;\">La companyia Cos de Lletra condueix espais de CREATIVITAT oberts a joves de 14 a 16 anys.<\/span><\/span><\/div>\n<div style=\"line-height: 150%; text-align: center;\">\n<span style=\"font-size: large;\"><span style=\"font-family: inherit;\"><br \/><\/span><\/span><br \/>\n<span style=\"font-size: large;\"><span style=\"font-family: inherit;\">Una activitat id\u00f2nia per a Biblioteques, Centres C\u00edvics, Espais Joves i Instituts de Secund\u00e0ria.<\/span><\/span><br \/>\n<span style=\"font-size: large;\"><span style=\"font-family: inherit;\"><br \/><\/span><\/span><\/div>\n<div style=\"line-height: 150%;\">\n<\/div>\n<div style=\"clear: both; text-align: center;\">\n<span style=\"font-size: large;\"><a href=\"https:\/\/1.bp.blogspot.com\/-GY_R93TacTY\/XT7TwxnTcQI\/AAAAAAAACsw\/OAoQ4Qg-Ptkjgm-Vn1f8POb3bymZv0yowCLcBGAs\/s1600\/Curiosity%2Bfeeds%2Bimagination_Mantra.jpg\" style=\"margin-left: 1em; margin-right: 1em;\"><img loading=\"lazy\" decoding=\"async\" border=\"0\" data-original-height=\"576\" data-original-width=\"768\" height=\"480\" src=\"https:\/\/1.bp.blogspot.com\/-GY_R93TacTY\/XT7TwxnTcQI\/AAAAAAAACsw\/OAoQ4Qg-Ptkjgm-Vn1f8POb3bymZv0yowCLcBGAs\/s640\/Curiosity%2Bfeeds%2Bimagination_Mantra.jpg\" width=\"640\" \/><\/a><\/span><\/div>\n<p>\n<span style=\"font-size: large;\"><span style=\"font-family: inherit;\"><br \/>\n<\/span><\/span><br \/>\n<\/p>\n<div style=\"line-height: 150%;\">\n<span style=\"font-size: large;\"><span style=\"font-family: inherit;\">La<br \/>\ndin\u00e0mica de les sessions inclou la lectura i conversa sobre<br \/>\ndiferents llibres, i l&#8217;escriptura creativa de textos propis a partir<br \/>\ndels temes, estils o conceptes que els llibres ens suggereixin.<\/span><\/span><\/div>\n<div style=\"line-height: 150%;\">\n<br \/>\n<span style=\"font-size: large;\"><span style=\"font-family: inherit;\">Cal un espai adequat per a l&#8217;escriptura i pel moviment, que disposi de taula i equip de m\u00fasica.<\/span><\/span><\/div>\n<div style=\"line-height: 150%;\">\n<br \/>\n<span style=\"font-size: large;\"><span style=\"font-family: inherit;\"><br \/><\/span><\/span><br \/>\n<\/p>\n<div style=\"text-align: right;\">\n<div style=\"text-align: right;\">\n<span style=\"font-size: large;\"><span style=\"font-family: inherit;\"><\/span><\/span><br \/>\n<span style=\"font-size: large;\"><span style=\"font-family: inherit;\">M\u00e9s informaci\u00f3 i contractaci\u00f3: <\/span><\/span><br \/>\n<span style=\"font-size: large;\"><span style=\"font-family: inherit;\">609 28 01 79 \/ cosdelletra@gmail.com <\/span><\/span><br \/>\n<span style=\"font-size: large;\"><span style=\"font-family: inherit;\"><\/span><\/span><br \/>\n<span style=\"font-size: large;\"><span style=\"font-family: inherit;\"><\/span><\/span><\/div>\n<p><span style=\"font-size: large;\"><\/span><span style=\"font-size: large;\"><span style=\"font-family: inherit;\"><\/span><\/span><\/div>\n<\/div>\n<div style=\"line-height: 150%; text-align: right;\">\n<span style=\"font-family: &quot;cambria&quot; , serif;\"><span style=\"font-size: small;\"><span style=\"font-family: inherit;\">Graffiti: \u00abCuriosity feeds Imagination\u00bb, de Mantra, a<\/span><\/span><span style=\"font-size: medium;\"><span style=\"font-size: small;\"><span style=\"font-family: inherit;\"> Esch-sur-Alzette.<\/span><\/span><\/span><\/span><\/p>\n<p><span style=\"font-family: &quot;cambria&quot; , serif;\"><span style=\"font-size: medium;\"><span style=\"font-size: small;\"><span style=\"font-family: inherit;\">&nbsp;<\/span><\/span> <\/span><\/span><\/div>\n","protected":false},"excerpt":{"rendered":"<p>Llegim per gust, no per obligaci\u00f3. Escrivim per expressar qui som i qu\u00e8 volem.&nbsp; Compartim idees, emocions i descobriments. Diem la nostra. La companyia Cos de Lletra condueix espais de CREATIVITAT oberts a joves de 14 a 16 anys. Una activitat id\u00f2nia per a Biblioteques, Centres C\u00edvics, Espais Joves i Instituts de Secund\u00e0ria. La din\u00e0mica [&hellip;]<\/p>\n","protected":false},"author":2,"featured_media":0,"comment_status":"open","ping_status":"open","sticky":false,"template":"","format":"standard","meta":{"footnotes":""},"categories":[14,26,39],"tags":[],"class_list":["post-71","post","type-post","status-publish","format-standard","hentry","category-biblioteques","category-club-de-lectura","category-joves"],"_links":{"self":[{"href":"https:\/\/cosdelletra.com\/index.php\/wp-json\/wp\/v2\/posts\/71","targetHints":{"allow":["GET"]}}],"collection":[{"href":"https:\/\/cosdelletra.com\/index.php\/wp-json\/wp\/v2\/posts"}],"about":[{"href":"https:\/\/cosdelletra.com\/index.php\/wp-json\/wp\/v2\/types\/post"}],"author":[{"embeddable":true,"href":"https:\/\/cosdelletra.com\/index.php\/wp-json\/wp\/v2\/users\/2"}],"replies":[{"embeddable":true,"href":"https:\/\/cosdelletra.com\/index.php\/wp-json\/wp\/v2\/comments?post=71"}],"version-history":[{"count":0,"href":"https:\/\/cosdelletra.com\/index.php\/wp-json\/wp\/v2\/posts\/71\/revisions"}],"wp:attachment":[{"href":"https:\/\/cosdelletra.com\/index.php\/wp-json\/wp\/v2\/media?parent=71"}],"wp:term":[{"taxonomy":"category","embeddable":true,"href":"https:\/\/cosdelletra.com\/index.php\/wp-json\/wp\/v2\/categories?post=71"},{"taxonomy":"post_tag","embeddable":true,"href":"https:\/\/cosdelletra.com\/index.php\/wp-json\/wp\/v2\/tags?post=71"}],"curies":[{"name":"wp","href":"https:\/\/api.w.org\/{rel}","templated":true}]}}