{"id":70,"date":"2018-11-09T12:52:00","date_gmt":"2018-11-09T12:52:00","guid":{"rendered":"https:\/\/cosdelletra.com\/index.php\/2018\/11\/09\/las-avidas-raices-y-objetos-punzantes-de-ruth-vilar-en-ediciones-invasoras\/"},"modified":"2018-11-09T12:52:00","modified_gmt":"2018-11-09T12:52:00","slug":"las-avidas-raices-y-objetos-punzantes-de-ruth-vilar-en-ediciones-invasoras","status":"publish","type":"post","link":"https:\/\/cosdelletra.com\/index.php\/2018\/11\/09\/las-avidas-raices-y-objetos-punzantes-de-ruth-vilar-en-ediciones-invasoras\/","title":{"rendered":"\u00abLAS \u00c1VIDAS RA\u00cdCES\u00bb Y \u00abOBJETOS PUNZANTES\u00bb DE RUTH VILAR EN EDICIONES INVASORAS"},"content":{"rendered":"<p><span style=\"font-size: large;\"><span style=\"font-family: inherit;\">Los textos dram\u00e1ticos <b><i>Las \u00e1vidas ra\u00edces<\/i><\/b> y <i><b>Objetos punzantes<\/b>, <\/i>de <b>Ruth Vilar<\/b>, aparecen publicados en un volumen conjunto de la mano de <a href=\"http:\/\/www.edicionesinvasoras.com\/\" target=\"_blank\" rel=\"noopener\"><b>Ediciones Invasoras<\/b><\/a>, editorial independiente especializada en teatro.<\/span><\/span><br \/>\n<span style=\"font-size: large;\"><span style=\"font-family: inherit;\"><b><i> <\/i><\/b><\/span><\/span><\/p>\n<div style=\"clear: both; text-align: center;\">\n<a href=\"https:\/\/4.bp.blogspot.com\/-uuPM3LSqJgE\/WhF6pWCYOwI\/AAAAAAAACaI\/cotmHC7jZIk_beN4wkuNZlxNIAtvJmVVACLcBGAs\/s1600\/Las%2B%25C3%25A1vidas%2Bra%25C3%25ADces_Ruth%2BVilar_Ediciones%2BInvasoras.jpg\" style=\"margin-left: 1em; margin-right: 1em;\"><img loading=\"lazy\" decoding=\"async\" border=\"0\" data-original-height=\"960\" data-original-width=\"633\" height=\"640\" src=\"https:\/\/4.bp.blogspot.com\/-uuPM3LSqJgE\/WhF6pWCYOwI\/AAAAAAAACaI\/cotmHC7jZIk_beN4wkuNZlxNIAtvJmVVACLcBGAs\/s640\/Las%2B%25C3%25A1vidas%2Bra%25C3%25ADces_Ruth%2BVilar_Ediciones%2BInvasoras.jpg\" width=\"420\" \/><\/a><\/div>\n<p><span style=\"font-size: large;\"><span style=\"font-family: inherit;\"><b><i> <\/i><\/b><\/span><\/span><\/p>\n<p><span style=\"font-size: large;\"><span style=\"font-family: inherit;\"><a href=\"https:\/\/cosdelletra.blogspot.com\/2017\/08\/las-avidas-raices-de-ruth-vilar.html\" target=\"_blank\" rel=\"noopener\"><b><i>Las \u00e1vidas ra\u00edces<\/i><\/b><\/a> es una exploraci\u00f3n de la naturaleza del v\u00ednculo paternofilial. La obra se adentra en los aspectos turbios de la relaci\u00f3n: la autoridad, la represi\u00f3n, el miedo al abandono y el ego\u00edsmo que aceptamos en nombre del amor.<br \/>&nbsp;<\/span><\/span><br \/>\n<span style=\"font-size: large;\"><span style=\"font-family: inherit;\">Una madre, un hijo y el lazo recio que los ata. En torno a ellos, cien zarzas sobre las que pesa un conjuro. Amor desmedido y una sola exigencia: la prohibici\u00f3n tajante de crecer.&nbsp;<\/span><\/span><\/p>\n<p><span style=\"font-family: inherit;\">\u00ab<i><b>Las \u00e1vidas ra\u00edces<\/b><\/i> pasa por el cedazo tupido del teatro las sombras del amor entre padres e hijos: los innumerables modos en que este amor se usa como cl\u00e1usula y moneda en un negocio absurdo y cotidiano donde podemos acabar renunciando a lo que de veras somos. No es poca cosa. Atr\u00e9vanse a ventilar su casa interior. Lean y vean, quiz\u00e1 por primera vez, paredes que los ocultan de s\u00ed mismos.\u00bb<\/span><span style=\"font-family: inherit;\"> <\/span><\/p>\n<div style=\"text-align: right;\">\n<span style=\"font-family: inherit;\">&nbsp;&nbsp;&nbsp;&nbsp;&nbsp;&nbsp;&nbsp;&nbsp;&nbsp;&nbsp;&nbsp;&nbsp;&nbsp;&nbsp;&nbsp;&nbsp;&nbsp;&nbsp;&nbsp;&nbsp;&nbsp;&nbsp;&nbsp;&nbsp;&nbsp;&nbsp;&nbsp;&nbsp;&nbsp;&nbsp;&nbsp;&nbsp;&nbsp;&nbsp;&nbsp;&nbsp;&nbsp;&nbsp;&nbsp;&nbsp;&nbsp;&nbsp;&nbsp;&nbsp;&nbsp;&nbsp;&nbsp;&nbsp;&nbsp;<a href=\"http:\/\/prospeccionespertejo.blogspot.com.es\/2017\/01\/cromanones-de-nuestros-adentros.html\" target=\"_blank\" rel=\"noopener\"> \u00abCroma\u00f1ones de nuestros adentros\u00bb, <i>Las u\u00f1as negras<\/i>, Pepa Pertejo<\/a>&nbsp;<\/span><\/div>\n<p>\n<br \/>\n<span style=\"font-family: inherit;\"><\/span><span style=\"font-family: inherit;\"><br \/> <span style=\"font-size: large;\">Este texto teatral es fruto de un proceso de investigaci\u00f3n con los actores <a href=\"http:\/\/cosdelletra.blogspot.com.es\/2011\/03\/salva-artesero.html\" target=\"_blank\" rel=\"noopener\"><b>Salva Artesero<\/b><\/a> y <a href=\"https:\/\/mireiavalles.wordpress.com\/\" target=\"_blank\" rel=\"noopener\"><b>Mireia Vall\u00e8s<\/b><\/a>, llevado a cabo durante la residencia art\u00edstica Kin\u00e8tic. La <b>compa\u00f1\u00eda Cos de Lletra<\/b> <a href=\"http:\/\/cosdelletra.blogspot.com.es\/2017\/08\/las-avidas-raices-de-ruth-vilar.html\" target=\"_blank\" rel=\"noopener\">estren\u00f3 el espect\u00e1culo<\/a> en la <b>Sala Sandaru<\/b> de <b>Barcelona<\/b> <\/span><\/span><span style=\"font-family: inherit;\"><span style=\"font-size: large;\"><span style=\"font-family: inherit;\"><span style=\"font-size: large;\">en febrero de 2017.<\/span><\/span><\/span><\/span><\/p>\n<p><\/p>\n<p style=\"text-align: center;\"><span style=\"font-family: inherit;\"><span style=\"font-size: large;\"><span style=\"font-family: inherit;\"><span style=\"font-size: large;\">Pr\u00f3ximas funciones:<\/span><\/span><\/span><\/span><\/p>\n<p style=\"text-align: center;\"><a href=\"https:\/\/www.daualsecartsesceniques.cat\/programacio\/las-avidas-raices\" target=\"_blank\" rel=\"noopener\"><span style=\"font-size: large;\"><span style=\"font-family: inherit;\"><span style=\"font-size: x-large;\"><span style=\"font-family: inherit;\"><b>5-8 de Mayo 2022 &#8211; Dau al Sec (Barcelona)<\/b><\/span><\/span><\/span><\/span><\/a><\/p>\n<p style=\"text-align: center;\"><span style=\"font-size: large;\"><span style=\"font-family: inherit;\"><span style=\"font-size: x-large;\"><span style=\"font-family: inherit;\"><b>&nbsp;<\/b><\/span><\/span><\/span><\/span><\/p>\n<p>\n<br \/>\n<span style=\"font-size: large;\"><span style=\"font-family: inherit;\">La serie <a href=\"http:\/\/cosdelletra.blogspot.com.es\/search\/label\/Objetos%20punzantes\" target=\"_blank\" rel=\"noopener\"><i><b>Objetos punzantes<\/b><\/i><\/a>, colecci\u00f3n de piezas dram\u00e1ticas breves, oscuras y concisas como los acertijos o los sue\u00f1os, completa este volumen. A partir de una selecci\u00f3n de estos textos la <b>compa\u00f1\u00eda Cos de Lletra<\/b> desarroll\u00f3 el espect\u00e1culo <a href=\"http:\/\/cosdelletra.blogspot.com.es\/2016\/08\/cos-de-lletra-estrena-en-barcelona.html\" target=\"_blank\" rel=\"noopener\"><b>\u00abMuescas m\u00e1s hondas\u00bb<\/b><\/a>, con direcci\u00f3n de su autora e interpretaci\u00f3n de <a href=\"http:\/\/cosdelletra.blogspot.com.es\/2011\/03\/salva-artesero.html\" target=\"_blank\" rel=\"noopener\"><b>Salva Artesero<\/b><\/a> y <a href=\"http:\/\/www.aadpc.cat\/aina-huguet\/\" target=\"_blank\" rel=\"noopener\"><b>Aina Huguet<\/b><\/a>, y lo present\u00f3 en el <b>Teatre Akad\u00e8mia<\/b> de <b>Barcelona<\/b> en septiembre de 2016.<\/p>\n<p> <\/span><\/span><\/p>\n","protected":false},"excerpt":{"rendered":"<p>Los textos dram\u00e1ticos Las \u00e1vidas ra\u00edces y Objetos punzantes, de Ruth Vilar, aparecen publicados en un volumen conjunto de la mano de Ediciones Invasoras, editorial independiente especializada en teatro. Las \u00e1vidas ra\u00edces es una exploraci\u00f3n de la naturaleza del v\u00ednculo paternofilial. La obra se adentra en los aspectos turbios de la relaci\u00f3n: la autoridad, la [&hellip;]<\/p>\n","protected":false},"author":2,"featured_media":0,"comment_status":"open","ping_status":"open","sticky":false,"template":"","format":"standard","meta":{"footnotes":""},"categories":[10,24,38,2,37],"tags":[],"class_list":["post-70","post","type-post","status-publish","format-standard","hentry","category-las-avidas-raices","category-llibres","category-objetos-punzantes","category-obres-de-ruth-vilar","category-publicacions"],"_links":{"self":[{"href":"https:\/\/cosdelletra.com\/index.php\/wp-json\/wp\/v2\/posts\/70","targetHints":{"allow":["GET"]}}],"collection":[{"href":"https:\/\/cosdelletra.com\/index.php\/wp-json\/wp\/v2\/posts"}],"about":[{"href":"https:\/\/cosdelletra.com\/index.php\/wp-json\/wp\/v2\/types\/post"}],"author":[{"embeddable":true,"href":"https:\/\/cosdelletra.com\/index.php\/wp-json\/wp\/v2\/users\/2"}],"replies":[{"embeddable":true,"href":"https:\/\/cosdelletra.com\/index.php\/wp-json\/wp\/v2\/comments?post=70"}],"version-history":[{"count":0,"href":"https:\/\/cosdelletra.com\/index.php\/wp-json\/wp\/v2\/posts\/70\/revisions"}],"wp:attachment":[{"href":"https:\/\/cosdelletra.com\/index.php\/wp-json\/wp\/v2\/media?parent=70"}],"wp:term":[{"taxonomy":"category","embeddable":true,"href":"https:\/\/cosdelletra.com\/index.php\/wp-json\/wp\/v2\/categories?post=70"},{"taxonomy":"post_tag","embeddable":true,"href":"https:\/\/cosdelletra.com\/index.php\/wp-json\/wp\/v2\/tags?post=70"}],"curies":[{"name":"wp","href":"https:\/\/api.w.org\/{rel}","templated":true}]}}