{"id":69,"date":"2018-11-10T13:13:00","date_gmt":"2018-11-10T13:13:00","guid":{"rendered":"https:\/\/cosdelletra.com\/index.php\/2018\/11\/10\/alegre-alegre-alegre-por-ruth-vilar\/"},"modified":"2023-08-17T11:57:16","modified_gmt":"2023-08-17T11:57:16","slug":"alegre-alegre-alegre-por-ruth-vilar","status":"publish","type":"post","link":"https:\/\/cosdelletra.com\/index.php\/2018\/11\/10\/alegre-alegre-alegre-por-ruth-vilar\/","title":{"rendered":"\u00abALEGRE ALEGRE ALEGRE\u00bb, POR RUTH VILAR"},"content":{"rendered":"<p><span style=\"font-size: large;\"><span style=\"font-family: inherit;\"><br \/>\n<\/span><\/span><\/p>\n<div style=\"line-height: 150%; margin-bottom: 0cm; text-align: right;\">\n<span style=\"font-size: large;\"><span style=\"font-family: inherit;\">Un art\u00edculo de <b><a href=\"http:\/\/cosdelletra.blogspot.com.es\/2011\/03\/ruth-vilar.html\" target=\"_blank\" rel=\"noopener\">Ruth Vilar<\/a><\/b><\/span><\/span><\/div>\n<p><span style=\"font-size: large;\"><span style=\"font-family: inherit;\"><br \/>\n<\/span><\/span><\/p>\n<div style=\"line-height: 150%; margin-bottom: 0cm; text-align: right;\">\n<span style=\"font-size: large;\"><span style=\"font-family: inherit;\"><br \/><\/span><\/span><\/div>\n<p><span style=\"font-size: large;\"><span style=\"font-family: inherit;\"><br \/>\n<\/span><\/span><\/p>\n<div style=\"line-height: 150%; margin-bottom: 0cm; text-align: right;\">\n<a href=\"http:\/\/primeracto.com\/revistas\/primer-acto-355\" target=\"_blank\" rel=\"noopener\"><span style=\"font-size: large;\"><span style=\"font-family: inherit;\">PRIMER ACTO, n\u00ba 355. 2018.<\/span><\/span><\/a><\/div>\n<p><span style=\"font-size: large;\"><span style=\"font-family: inherit;\"><br \/>\n<\/span><\/span><\/p>\n<div style=\"line-height: 150%; margin-bottom: 0cm; text-align: right;\">\n<span style=\"font-size: large;\"><span style=\"font-family: inherit;\"><b>TRAVES\u00cdAS: La alegr\u00eda<\/b><\/span><\/span><\/div>\n<div align=\"CENTER\" style=\"line-height: 150%; margin-bottom: 0cm;\">\n<br \/>\n<span style=\"font-size: large;\"><span style=\"font-family: inherit;\"><\/span><\/span><\/div>\n<div align=\"CENTER\" style=\"line-height: 150%; margin-bottom: 0cm;\">\n<br \/>\n<span style=\"font-size: large;\"><span style=\"font-family: inherit;\"><\/span><\/span><\/div>\n<p><span style=\"font-size: large;\"><span style=\"font-family: inherit;\"><br \/>\n<\/span><\/span><\/p>\n<div style=\"clear: both; text-align: center;\">\n<a href=\"https:\/\/4.bp.blogspot.com\/-G6SG8z7zb8w\/XBzmdnkD7rI\/AAAAAAAACnc\/LHbVImrIbbMWkKLFIgSeTsOI8o2p1BkzACLcBGAs\/s1600\/alegr%25C3%25ADa.jpg\" style=\"margin-left: 1em; margin-right: 1em;\"><img decoding=\"async\" border=\"0\" data-original-height=\"626\" data-original-width=\"626\" src=\"https:\/\/4.bp.blogspot.com\/-G6SG8z7zb8w\/XBzmdnkD7rI\/AAAAAAAACnc\/LHbVImrIbbMWkKLFIgSeTsOI8o2p1BkzACLcBGAs\/s1600\/alegr%25C3%25ADa.jpg\" \/><\/a><\/div>\n<div style=\"line-height: 150%; margin-bottom: 0cm;\">\n<span style=\"font-size: large;\"><span style=\"font-family: inherit;\"><br \/><\/span><\/span>\n<\/div>\n<div style=\"line-height: 150%; margin-bottom: 0cm;\">\n<span style=\"font-size: large;\"><span style=\"font-family: inherit;\"><br \/><\/span><\/span>\n<\/div>\n<p><span style=\"font-size: large;\"><span style=\"font-family: inherit;\"><br \/>\n<\/span><\/span><\/p>\n<div style=\"line-height: 150%; margin-bottom: 0cm;\">\n<span style=\"font-size: large;\"><span style=\"font-family: inherit;\">Hemos<br \/>\nabandonado el coraz\u00f3n al vaiv\u00e9n de las corrientes. Confiamos en que<br \/>\nsepa nutrirse de las olas cual esponja de mar. Y as\u00ed es. Cuanto<br \/>\nellas traen consigo invade sus m\u00faltiples conductos microsc\u00f3picos y<br \/>\nenseguida retrocede con la resaca. Dentro nos va quedando un poso de<br \/>\nsalitre, de arena y de min\u00fasculas part\u00edculas polimorfas. \u00bfQu\u00e9<br \/>\nson?<\/span><\/span><\/div>\n<p><span style=\"font-size: large;\"><span style=\"font-family: inherit;\"><br \/>\n<\/span><\/span><\/p>\n<div style=\"line-height: 150%; margin-bottom: 0cm;\">\n<span style=\"font-size: large;\"><span style=\"font-family: inherit;\"><br \/><\/span><\/span>\n<\/div>\n<p><span style=\"font-size: large;\"><span style=\"font-family: inherit;\"><br \/>\n<\/span><\/span><\/p>\n<div style=\"line-height: 150%; margin-bottom: 0cm;\">\n<span style=\"font-size: large;\"><span style=\"font-family: inherit;\">Depende.<br \/>\nSi azulean o grisean, opacas, son pesares. Escuecen. Maldecimos la<br \/>\nmarea podrida que los arrastr\u00f3 precisamente hasta nosotros. Otras<br \/>\narden cual brasas bermell\u00f3n: son deseos. Apremian. Nos instan a<br \/>\nmovernos sin demora. Las hay negras de desesperaci\u00f3n, amarillas de<br \/>\nbilis, ros\u00e1ceas de ternura. <\/span><\/span>\n<\/div>\n<p><span style=\"font-size: large;\"><span style=\"font-family: inherit;\"><br \/>\n<\/span><\/span><\/p>\n<div style=\"line-height: 150%; margin-bottom: 0cm;\">\n<span style=\"font-size: large;\"><span style=\"font-family: inherit;\"><br \/><\/span><\/span>\n<\/div>\n<p><span style=\"font-size: large;\"><span style=\"font-family: inherit;\"><br \/>\n<\/span><\/span><\/p>\n<div style=\"line-height: 150%; margin-bottom: 0cm;\">\n<span style=\"font-size: large;\"><span style=\"font-family: inherit;\">Las<br \/>\npart\u00edculas m\u00e1s codiciadas son unos terroncitos angulosos de color<br \/>\nblanco tornasolado: cristales de alegr\u00eda concentrada. \u00a1Nos hacen<br \/>\ntanta falta provisiones de este g\u00e9nero llenando la despensa!<br \/>\n\u00a1Anhelamos monta\u00f1as de alegr\u00eda! \u00bfPor qu\u00e9 no vendr\u00e1 el agua<br \/>\nsaturada de trocitos de gozo en suspensi\u00f3n?<\/span><\/span><\/div>\n<p><span style=\"font-size: large;\"><span style=\"font-family: inherit;\"><br \/>\n<\/span><\/span><\/p>\n<div style=\"line-height: 150%; margin-bottom: 0cm;\">\n<span style=\"font-size: large;\"><span style=\"font-family: inherit;\"><br \/><\/span><\/span>\n<\/div>\n<p><span style=\"font-size: large;\"><span style=\"font-family: inherit;\"><br \/>\n<\/span><\/span><\/p>\n<div style=\"line-height: 150%; margin-bottom: 0cm;\">\n<span style=\"font-size: large;\"><span style=\"font-family: inherit;\">Con<br \/>\nprofusi\u00f3n de gemidos y lamentaciones, le reprochamos al hado nuestra<br \/>\ninjusta escasez de alegr\u00eda. Albergamos la certeza, pegajosa como la<br \/>\npez, de que la fuente primordial de la alegr\u00eda nos es esquiva o<br \/>\nr\u00e1cana. Parad\u00f3jicamente, exhibimos FELICIDAD FELICIDAD FELICIDAD.<br \/>\nAl fin y al cabo, \u00e9sta es la era de la alegr\u00eda: tontotontotonto el<br \/>\nque no se r\u00eda. Carcajadas con amplificador destapan dientes<br \/>\nrelucientes que reprimen el impulso org\u00e1nico y furioso de morder o<br \/>\nrechinar.<\/span><\/span><\/div>\n<p><span style=\"font-size: large;\"><span style=\"font-family: inherit;\"><br \/>\n<\/span><\/span><\/p>\n<div style=\"line-height: 150%; margin-bottom: 0cm;\">\n<span style=\"font-size: large;\"><span style=\"font-family: inherit;\"><br \/><\/span><\/span>\n<\/div>\n<p><span style=\"font-size: large;\"><span style=\"font-family: inherit;\"><br \/>\n<\/span><\/span><\/p>\n<div style=\"line-height: 150%; margin-bottom: 0cm;\">\n<span style=\"font-size: large;\"><span style=\"font-family: inherit;\">Para<br \/>\ncontrarrestar esa hambre feroz de dicha, nos encomendamos febrilmente<br \/>\na las EXPERIENCIAS. Hemos elevado a dogma el binomio EXPERIENCIAS +<br \/>\nFELICIDAD. M\u00e1s desventurados cuanto m\u00e1s pl\u00e1cida se nos ofrece la<br \/>\nvida, a la deriva entre la insatisfacci\u00f3n y el aburrimiento, las<br \/>\nEXPERIENCIAS DE FELICIDAD se han convertido en bienes de primera<br \/>\nnecesidad con que dotar la existencia misma de alg\u00fan sentido. <\/span><\/span>\n<\/div>\n<p><span style=\"font-size: large;\"><span style=\"font-family: inherit;\"><br \/>\n<\/span><\/span><\/p>\n<div style=\"line-height: 150%; margin-bottom: 0cm;\">\n<span style=\"font-size: large;\"><span style=\"font-family: inherit;\"><br \/><\/span><\/span>\n<\/div>\n<p><span style=\"font-size: large;\"><span style=\"font-family: inherit;\"><br \/>\n<\/span><\/span><\/p>\n<div style=\"line-height: 150%; margin-bottom: 0cm;\">\n<span style=\"font-size: large;\"><span style=\"font-family: inherit;\">Aturdidos<br \/>\ny desesperados, nos dejamos agitar ante los ojos sonajeros de<br \/>\nmetacrilato, baratijas de gozo artificial que (no entendemos por qu\u00e9)<br \/>\nno nos satisfacen. Calor\u00edas vac\u00edas para el alma. Mientras tanto,<br \/>\nestimamos siempre poca la alegr\u00eda que el mar le trae a nuestro<br \/>\ncoraz\u00f3n en remojo. O bien nos pasa desapercibida. Hemos ido<br \/>\nconsumiendo las fuerzas lloriqueando para nuestros adentros. Se nos<br \/>\nhan desactivado los mecanismos de absorci\u00f3n: la curiosidad y la<br \/>\nmaravilla. Nada nos interesa, nada nos asombra, nada nos desempolva<br \/>\nel amor por la vida.<\/span><\/span><\/div>\n<p><span style=\"font-size: large;\"><span style=\"font-family: inherit;\"><br \/>\n<\/span><\/span><\/p>\n<div style=\"line-height: 150%; margin-bottom: 0cm;\">\n<span style=\"font-size: large;\"><span style=\"font-family: inherit;\"><br \/><\/span><\/span>\n<\/div>\n<p><span style=\"font-size: large;\"><span style=\"font-family: inherit;\"><br \/>\n<\/span><\/span><\/p>\n<div style=\"line-height: 150%; margin-bottom: 0cm;\">\n<span style=\"font-size: large;\"><span style=\"font-family: inherit;\">Hay<br \/>\nun remedio cierto. En verdad, haberlos los habr\u00e1 a miles, pero \u00e9ste<br \/>\nfunciona y es el que nos ata\u00f1e. El teatro. Ese lugar donde la tribu<br \/>\nde los desheredados del para\u00edso de la eterna felicidad est\u00e1n<br \/>\nllamados a ver lo que se les ocultaba, a comprender lo que les era<br \/>\najeno, a emocionarse como jam\u00e1s creyeron que pudieran. La<br \/>\nexperiencia teatral transformadora despierta una alegr\u00eda \u00edntima que<br \/>\nno depende de las vicisitudes de la vida. El teatro nos estruja el<br \/>\ncoraz\u00f3n hasta que lo vac\u00eda de restos incrustados. Lo deja abierto<br \/>\nal mundo. Atento. Vivo. Alegre alegre alegre. Desbordante de esa<br \/>\nalegr\u00eda que s\u00f3lo el reconocernos intensamente en otros suscita.<\/span><\/span><\/div>\n<p><span style=\"font-size: large;\"><span style=\"font-family: inherit;\"><br \/>\n<\/span><\/span><\/p>\n<div style=\"line-height: 150%; margin-bottom: 0cm;\">\n<\/div>\n<div style=\"line-height: 150%; margin-bottom: 0cm;\">\n<\/div>\n","protected":false},"excerpt":{"rendered":"<p>Un art\u00edculo de Ruth Vilar PRIMER ACTO, n\u00ba 355. 2018. TRAVES\u00cdAS: La alegr\u00eda Hemos abandonado el coraz\u00f3n al vaiv\u00e9n de las corrientes. Confiamos en que sepa nutrirse de las olas cual esponja de mar. Y as\u00ed es. Cuanto ellas traen consigo invade sus m\u00faltiples conductos microsc\u00f3picos y enseguida retrocede con la resaca. Dentro nos va [&hellip;]<\/p>\n","protected":false},"author":2,"featured_media":0,"comment_status":"closed","ping_status":"closed","sticky":false,"template":"","format":"standard","meta":{"footnotes":""},"categories":[8,7],"tags":[129],"class_list":["post-69","post","type-post","status-publish","format-standard","hentry","category-articles","category-primer-acto","tag-articulos"],"_links":{"self":[{"href":"https:\/\/cosdelletra.com\/index.php\/wp-json\/wp\/v2\/posts\/69","targetHints":{"allow":["GET"]}}],"collection":[{"href":"https:\/\/cosdelletra.com\/index.php\/wp-json\/wp\/v2\/posts"}],"about":[{"href":"https:\/\/cosdelletra.com\/index.php\/wp-json\/wp\/v2\/types\/post"}],"author":[{"embeddable":true,"href":"https:\/\/cosdelletra.com\/index.php\/wp-json\/wp\/v2\/users\/2"}],"replies":[{"embeddable":true,"href":"https:\/\/cosdelletra.com\/index.php\/wp-json\/wp\/v2\/comments?post=69"}],"version-history":[{"count":1,"href":"https:\/\/cosdelletra.com\/index.php\/wp-json\/wp\/v2\/posts\/69\/revisions"}],"predecessor-version":[{"id":422,"href":"https:\/\/cosdelletra.com\/index.php\/wp-json\/wp\/v2\/posts\/69\/revisions\/422"}],"wp:attachment":[{"href":"https:\/\/cosdelletra.com\/index.php\/wp-json\/wp\/v2\/media?parent=69"}],"wp:term":[{"taxonomy":"category","embeddable":true,"href":"https:\/\/cosdelletra.com\/index.php\/wp-json\/wp\/v2\/categories?post=69"},{"taxonomy":"post_tag","embeddable":true,"href":"https:\/\/cosdelletra.com\/index.php\/wp-json\/wp\/v2\/tags?post=69"}],"curies":[{"name":"wp","href":"https:\/\/api.w.org\/{rel}","templated":true}]}}