{"id":61,"date":"2018-11-21T12:23:00","date_gmt":"2018-11-21T12:23:00","guid":{"rendered":"https:\/\/cosdelletra.com\/index.php\/2018\/11\/21\/animacio-a-la-lectura-i-escriptura-creativa\/"},"modified":"2018-11-21T12:23:00","modified_gmt":"2018-11-21T12:23:00","slug":"animacio-a-la-lectura-i-escriptura-creativa","status":"publish","type":"post","link":"https:\/\/cosdelletra.com\/index.php\/2018\/11\/21\/animacio-a-la-lectura-i-escriptura-creativa\/","title":{"rendered":"ANIMACI\u00d3 A LA LECTURA I ESCRIPTURA CREATIVA"},"content":{"rendered":"<div style=\"text-align: right;\">\nContractaci\u00f3 de tallers:&nbsp;<\/div>\n<div style=\"text-align: right;\">\ncosdelletra@gmail.com \/ 609 28 01 79<\/div>\n<p>A la <b>companyia Cos de Lletra<\/b> desenvolupem i duem a terme activitats d\u2019animaci\u00f3 a la lectura i escriptura creativa a biblioteques i escoles d&#8217;arreu de Catalunya des de l\u2019any 2006. Durant aquest temps hem treballat amb diferents grups i hem adaptat el format dels tallers a les prefer\u00e8ncies de cada biblioteca o escola. Tant les sessions intensives com els cursos amb freq\u00fc\u00e8ncia setmanal al llarg de l\u2019any lectiu han obtingut resultats \u00f2ptims.<\/p>\n<div style=\"clear: both; text-align: center;\">\n<a href=\"http:\/\/2.bp.blogspot.com\/-E_ZSmde_FRE\/Um45jZ4iyWI\/AAAAAAAABA8\/DkeCf9H0ick\/s1600\/Book+Express+2012.JPG\" style=\"margin-left: 1em; margin-right: 1em;\"><img loading=\"lazy\" decoding=\"async\" border=\"0\" height=\"300\" src=\"https:\/\/2.bp.blogspot.com\/-E_ZSmde_FRE\/Um45jZ4iyWI\/AAAAAAAABA8\/DkeCf9H0ick\/s400\/Book+Express+2012.JPG\" width=\"400\" \/><\/a><\/div>\n<p>DESCRIPCI\u00d3: Amb l\u2019animaci\u00f3 a la lectura cerquem que els participants puguin desenvolupar el seu potencial lector. Pretenem desvetllar i exercitar les seves capacitats per:<br \/>\n\u00b7 Llegir i interioritzar all\u00f2 que llegeixen.<br \/>\n\u00b7 Descobrir la import\u00e0ncia del silenci.<br \/>\n\u00b7 Llegir en veu alta amb comprensi\u00f3 i intenci\u00f3.<br \/>\n\u00b7 Formar els seus propis esquemes.<br \/>\n\u00b7 Pensar (la lectura desenvolupa totes les funcions del cervell).<br \/>\n\u00b7 Discernir, aplicar el sentit cr\u00edtic.<br \/>\nPer fer-ho utilitzem una s\u00e8rie de jocs i exercicis espec\u00edfics escollits per tal de potenciar el vessant l\u00fadic de l\u2019activitat. Junts superem els obstacles que amaga la lectura de forma \u00e0gil i accessible. Defensem la lectura com a acte lliure, voluntari i plaent. Per tal que ho sigui oferim als participants vies de comprensi\u00f3 i inter\u00e8s per la lectura que els proveeixin d\u2019autonomia com a lectors. Llegir obre la ment per facilitar tota activitat intel\u00b7lectual.<\/p>\n<p>OBJECTIUS ESPEC\u00cdFICS:<br \/>\nDel treball d\u2019animaci\u00f3 a la lectura:<br \/>\nExercitar l\u2019autonomia lectora dels participants pel que fa a:<br \/>\n1. comprensi\u00f3 literal<br \/>\n2. organitzaci\u00f3 mental del discurs<br \/>\n3. transformaci\u00f3 de la paraula escrita en imaginari propi<br \/>\n4. capacitat de compartir la seva lectura dels textos amb altres.<\/p>\n<p>Del treball d\u2019escriptura creativa:<br \/>\n1. Exercitar l\u2019exploraci\u00f3 del propi imaginari i la seva traducci\u00f3 en paraules.<br \/>\n2. Estimular l\u2019observaci\u00f3 del poder de la paraula (continent de significat i vehicle de comunicaci\u00f3) i el seu \u00fas com a eina creativa.<br \/>\n3. Potenciar un ambient creatiu i propici on tots els alumnes puguin mostrar els seus intents i celebrar els seus progressos: on ens alimentem els uns dels altres.<\/p>\n<p>\nMETODOLOGIA: Les sessions s\u2019articulen en dues parts:<br \/>\nLectura i treball al voltant dels textos; aquests hauran estat seleccionats especialment per a cada grup atenent a l\u2019edat dels participants i a les seves necessitats i interessos. Per treballar els textos els animadors hauran triat una o m\u00e9s estrat\u00e8gies (jocs din\u00e0mics i participatius). Aquesta feina augmenta la comprensi\u00f3, estimula la reflexi\u00f3 personal, promou l\u2019intercanvi d\u2019opinions i desvetlla l\u2019imaginari.<br \/>\nExercicis de creaci\u00f3 a trav\u00e9s de la paraula; jocs de paraules, de veritats i mentides, invenci\u00f3 d\u2019hist\u00f2ries i personatges, aproximaci\u00f3 als diferents g\u00e8neres, etc. Mitjan\u00e7ant l\u2019escriptura descobrim amb els participants noves possibilitats de diversi\u00f3, creixement i plaer creatiu.<\/p>\n<p>\nDESTINATARIS: L\u2019activitat s\u2019adre\u00e7a a nois i noies a partir de 8 anys (agrupats per edats), a joves i a adults. El l\u00edmit m\u00e0xim de participants \u00e9s de 18 per grup.<\/p>\n<p>L\u2019animaci\u00f3 a la lectura i l\u2019escriptura creativa s\u00f3n activitats id\u00f2nies per a qualsevol edat. La seva flexibilitat rau en que existeixen m\u00faltiples eines l\u00fadiques adre\u00e7ades a nens i d\u2019altres equivalents i espec\u00edfiques per a adults. En el cas dels adults serveixen per ampliar les possibilitats lectores dels qui es limiten a llegir el que ja coneixen i per acostar l\u2019escriptura creativa als qui creuen que s\u00f3n incapa\u00e7os de crear res.<\/p>\n<p>\nLLOC: Duem a terme les sessions principalment a biblioteques perqu\u00e8 considerem que ofereixen tot el necessari: faciliten als alumnes els exemplars del t\u00edtols requerits i la bibliografia de consulta que pugui caldre. A m\u00e9s, el fet de prendre part en una activitat l\u00fadica dins la pr\u00f2pia biblioteca pot fidelitzar el participant com a usuari i el familiaritza amb el seu \u00fas.<\/p>\n<p>\nMEM\u00d2RIA: Despr\u00e9s dels tallers creem un bloc a la xarxa, on publiquem la bibliografia utilitzada i els textos originals que cada participant desitja compartir. Aix\u00f2 suposa un al\u00b7licient pels alumnes, que poden mostrar el que fan fora de l\u2019\u00e0mbit de l\u2019activitat.<\/p>\n<p>\nCOORDINADORS I DINAMITZADORS:<br \/>\nEl <a href=\"http:\/\/cosdelletra.blogspot.com.es\/2011\/03\/salva-artesero.html\" target=\"_blank\" rel=\"noopener\">Salva Artesero<\/a> i la <a href=\"http:\/\/cosdelletra.blogspot.com.es\/2011\/03\/ruth-vilar.html\" target=\"_blank\" rel=\"noopener\">Ruth Vilar<\/a> s\u00f3n els integrants de COS DE LLETRA.<\/p>\n<div style=\"border-bottom: medium none; border-left: medium none; border-right: medium none; border-top: medium none;\">\n<\/div>\n<p><\/p>\n","protected":false},"excerpt":{"rendered":"<p>Contractaci\u00f3 de tallers:&nbsp; cosdelletra@gmail.com \/ 609 28 01 79 A la companyia Cos de Lletra desenvolupem i duem a terme activitats d\u2019animaci\u00f3 a la lectura i escriptura creativa a biblioteques i escoles d&#8217;arreu de Catalunya des de l\u2019any 2006. Durant aquest temps hem treballat amb diferents grups i hem adaptat el format dels tallers a [&hellip;]<\/p>\n","protected":false},"author":2,"featured_media":0,"comment_status":"open","ping_status":"open","sticky":false,"template":"","format":"standard","meta":{"footnotes":""},"categories":[33,32,34],"tags":[],"class_list":["post-61","post","type-post","status-publish","format-standard","hentry","category-activitats","category-animacio-a-la-lectura-i-escriptura-creativa","category-book-express-2014"],"_links":{"self":[{"href":"https:\/\/cosdelletra.com\/index.php\/wp-json\/wp\/v2\/posts\/61","targetHints":{"allow":["GET"]}}],"collection":[{"href":"https:\/\/cosdelletra.com\/index.php\/wp-json\/wp\/v2\/posts"}],"about":[{"href":"https:\/\/cosdelletra.com\/index.php\/wp-json\/wp\/v2\/types\/post"}],"author":[{"embeddable":true,"href":"https:\/\/cosdelletra.com\/index.php\/wp-json\/wp\/v2\/users\/2"}],"replies":[{"embeddable":true,"href":"https:\/\/cosdelletra.com\/index.php\/wp-json\/wp\/v2\/comments?post=61"}],"version-history":[{"count":0,"href":"https:\/\/cosdelletra.com\/index.php\/wp-json\/wp\/v2\/posts\/61\/revisions"}],"wp:attachment":[{"href":"https:\/\/cosdelletra.com\/index.php\/wp-json\/wp\/v2\/media?parent=61"}],"wp:term":[{"taxonomy":"category","embeddable":true,"href":"https:\/\/cosdelletra.com\/index.php\/wp-json\/wp\/v2\/categories?post=61"},{"taxonomy":"post_tag","embeddable":true,"href":"https:\/\/cosdelletra.com\/index.php\/wp-json\/wp\/v2\/tags?post=61"}],"curies":[{"name":"wp","href":"https:\/\/api.w.org\/{rel}","templated":true}]}}