{"id":57,"date":"2019-11-15T12:08:00","date_gmt":"2019-11-15T12:08:00","guid":{"rendered":"https:\/\/cosdelletra.com\/index.php\/2019\/11\/15\/gianni-rodari-100\/"},"modified":"2019-11-15T12:08:00","modified_gmt":"2019-11-15T12:08:00","slug":"gianni-rodari-100","status":"publish","type":"post","link":"https:\/\/cosdelletra.com\/index.php\/2019\/11\/15\/gianni-rodari-100\/","title":{"rendered":"GIANNI RODARI 100"},"content":{"rendered":"<div style=\"text-align: center;\">\n<div style=\"clear: both; text-align: center;\">\n<span style=\"font-size: x-large;\"><span style=\"color: #cc0000;\"><span style=\"font-family: inherit;\">CELEBREM EL CENTENARI DE L&#8217;AUTOR ITALI\u00c0!<\/span><\/span><\/span><\/div>\n<p><span style=\"font-size: x-large;\"><span style=\"font-family: inherit;\"><\/span><\/span><\/div>\n<p>\n<span style=\"font-size: x-large;\"><span style=\"font-family: inherit;\"><\/span><\/span><\/p>\n<p><span style=\"font-size: x-large;\"><span style=\"font-family: inherit;\"><\/span><\/span><\/p>\n<p style=\"text-align: right;\"><span style=\"font-size: large;\"><span style=\"font-family: inherit;\">Representacions de <b>Contes per jugar <\/b>a centres educatius:<\/span><\/span><\/p>\n<p style=\"text-align: left;\"><span style=\"font-size: x-large;\"><span style=\"font-family: inherit;\"><span style=\"font-size: large;\"><\/span><\/span><\/span><\/p>\n<p style=\"text-align: right;\"><span style=\"font-size: large;\">Novembre:&nbsp;<\/span><\/p>\n<p style=\"text-align: right;\"><span style=\"font-size: large;\">Sta. Margarida i els Monjos. Dimecres dia 18. 15h.<\/span><\/p>\n<p style=\"text-align: right;\"><span style=\"font-size: large;\">Taradell. Dimecres dia 25. 10h.<\/span><\/p>\n<p style=\"text-align: right;\"><span style=\"font-size: large;\">Sabadell. Divendres dia 27. 11h.<br \/><\/span><\/p>\n<p style=\"text-align: right;\"><span style=\"font-size: large;\">Desembre:<\/span><\/p>\n<p style=\"text-align: right;\"><span style=\"font-size: large;\">S\u00faria. Dijous dia 3. 15.30h.<\/span><\/p>\n<p style=\"text-align: right;\"><span style=\"font-size: large;\">Terrassa. Dimecres dia 9. 11.30h. <br \/><\/span><\/p>\n<p style=\"text-align: right;\"><span style=\"font-size: large;\">St. Esteve Sesrovires. Divendres dia 11. 11.30h.<\/span><\/p>\n<p style=\"text-align: right;\"><span style=\"font-size: large;\"><br \/><\/span><\/p>\n<p style=\"text-align: right;\">\n<div style=\"clear: both; text-align: center;\"><a href=\"https:\/\/1.bp.blogspot.com\/-YJqczfKe0Jg\/X8zNvFsS6nI\/AAAAAAAADBI\/mIcmr0hGB2Mm1KkdGe-hDieKuhXBr2NmACLcBGAsYHQ\/s2048\/Contes%2Bper%2Bjugar_Cos%2Bde%2BLletra%2B3.jpg\" style=\"margin-left: 1em; margin-right: 1em;\"><img loading=\"lazy\" decoding=\"async\" border=\"0\" data-original-height=\"1926\" data-original-width=\"2048\" height=\"376\" src=\"https:\/\/1.bp.blogspot.com\/-YJqczfKe0Jg\/X8zNvFsS6nI\/AAAAAAAADBI\/mIcmr0hGB2Mm1KkdGe-hDieKuhXBr2NmACLcBGAsYHQ\/w400-h376\/Contes%2Bper%2Bjugar_Cos%2Bde%2BLletra%2B3.jpg\" width=\"400\" \/><\/a><\/div>\n<p><span style=\"font-size: large;\"><br \/><\/span><\/p>\n<div style=\"text-align: center;\">\n<div style=\"text-align: center;\">\n<span style=\"font-size: x-large;\"><span style=\"color: #cc0000;\"><span style=\"font-family: inherit;\">CONTES PER JUGAR<\/span><\/span><br \/><span style=\"font-family: inherit;\"> Espectacle de petit format que combina narraci\u00f3 oral,<\/span><span style=\"font-family: inherit;\"> lectura en veu alta, divulgaci\u00f3 i interpretaci\u00f3.<\/span><br \/><span style=\"font-family: inherit;\"> Adre\u00e7at a nois i noies a partir de 6 anys.<\/span><\/span><\/div>\n<p><span style=\"font-size: large;\"><span style=\"font-family: inherit;\"><\/span><\/span><\/div>\n<p>\n<span style=\"font-size: large;\"><span style=\"font-family: inherit;\"><\/span><\/span><span style=\"font-size: large;\"><span style=\"font-family: inherit;\"><br \/>L&#8217;espectacle <i>Contes per jugar<\/i> \u00e9s una aproximaci\u00f3 molt viva a l&#8217;univers Rodari. Dos actors alternen fragments de: divulgaci\u00f3 amable i precisa sobre la vida i l&#8217;obra de l&#8217;autor itali\u00e0; narraci\u00f3 oral d&#8217;alguns dels seus contes; lectura en veu alta dels seus poemes humor\u00edstics i somiadors; interpretaci\u00f3 teatral d&#8217;escenes sorgides de les seves hist\u00f2ries. A m\u00e9s, els espectadors podran participar en brev\u00edssims jocs de fantasia instant\u00e0nia, procedents de la pedagogia de la creativitat elaborada pel nostre protagonista. I els convidarem a explorar m\u00e9s la seva obra, que els espera arraulida als llibres de la biblioteca.<\/span><\/span><br \/>\n<span style=\"font-size: large;\"><span style=\"font-family: inherit;\">Durada: 50 min<\/span><\/span><\/p>\n<p><span style=\"font-size: large;\"><span style=\"font-family: inherit;\">&nbsp;<\/span><\/span><\/p>\n<div style=\"text-align: center;\">\n<div style=\"text-align: center;\">\n<span style=\"font-size: x-large;\"><span style=\"color: #cc0000;\"><span style=\"font-family: inherit;\">QUANT PESA UNA LL\u00c0GRIMA?<\/span><\/span><br \/><span style=\"font-family: inherit;\"> Taller d&#8217;animaci\u00f3 a la lectura i escriptura creativa.<\/span><br \/><span style=\"font-family: inherit;\"> Jocs provinents de la<i> Gram\u00e0tica de la fantasia <\/i>i exercicis d&#8217;estil a partir de textos de Gianni Rodari.<\/span><br \/><span style=\"font-family: inherit;\"> Adre\u00e7at a nois i noies a partir de 8 anys.<\/span><\/span><\/div>\n<p><span style=\"font-size: large;\"><span style=\"font-family: inherit;\"><\/span><\/span><\/div>\n<p><span style=\"font-size: large;\"><span style=\"font-family: inherit;\"><\/span><\/span><span style=\"font-size: large;\"><span style=\"font-family: inherit;\"><\/span><\/span><span style=\"font-size: large;\"><span style=\"font-family: inherit;\"><\/span><\/span><br \/>\n<span style=\"font-size: large;\"><span style=\"font-family: inherit;\"><\/span><\/span><span style=\"font-size: large;\"><span style=\"font-family: inherit;\">Amb el taller <i>Quant pesa una ll\u00e0grima?<\/i> posem en pr\u00e0ctica una bateria de les din\u00e0miques creatives i propostes liter\u00e0ries de Gianni Rodari. Els participants llegeixen, inventen, escriuen i representen les seves pr\u00f2pies hist\u00f2ries a la manera embogida i l\u00facida de l&#8217;escriptor d&#8217;Omegna. Dos dinamitzadors experts condueixen la sessi\u00f3. <\/span><\/span><span style=\"font-size: large;\"><span style=\"font-family: inherit;\">Durada: 90 min<span style=\"font-size: large;\"><span style=\"font-family: inherit;\"> <\/span><\/span><\/span><\/span><\/p>\n<div style=\"text-align: center;\">\n<span style=\"font-size: large;\">Activitats a c\u00e0rrec de <a href=\"https:\/\/blogspot.us3.list-manage.com\/track\/click?u=b71bb556de29ab4b0ec611819&amp;id=069de61035&amp;e=566a3fb84b\"> Ruth Vilar<\/a> i <a href=\"https:\/\/blogspot.us3.list-manage.com\/track\/click?u=b71bb556de29ab4b0ec611819&amp;id=77e47d0ad8&amp;e=566a3fb84b\"> Salva Artesero<\/a><\/span><\/div>\n<div style=\"text-align: center;\">\n<span style=\"font-size: large;\"><span style=\"font-family: inherit;\"><\/span><\/span><\/div>\n<div style=\"text-align: center;\">\n<span style=\"font-family: inherit;\"><span style=\"font-size: large;\">Contractaci\u00f3:<\/span><\/span><br \/>\n<span style=\"font-family: inherit;\"><span style=\"font-size: large;\"> cosdelletra@gmail.com <\/span><\/span><br \/>\n<span style=\"font-family: inherit;\"><span style=\"font-size: large;\"> 609 28 01 79<\/span><\/span><\/div>\n<div style=\"text-align: center;\"><span style=\"font-family: inherit;\"><span style=\"font-size: large;\">&nbsp;<\/span><\/span><\/div>\n<div style=\"text-align: center;\">\n<\/div>\n<div style=\"clear: both; text-align: center;\">\n<div style=\"clear: both; text-align: center;\">\n<a href=\"https:\/\/1.bp.blogspot.com\/-8HohixFLUxQ\/XiGirxvpqSI\/AAAAAAAACyU\/EsZ1d4DeyPYoa2Adf6WmAnjIR4BgIFOzwCEwYBhgL\/s1600\/Gianni%2BRodari%2B100.jpg\" style=\"margin-left: 1em; margin-right: 1em;\"><img loading=\"lazy\" decoding=\"async\" border=\"0\" data-original-height=\"368\" data-original-width=\"660\" height=\"356\" src=\"https:\/\/1.bp.blogspot.com\/-8HohixFLUxQ\/XiGirxvpqSI\/AAAAAAAACyU\/EsZ1d4DeyPYoa2Adf6WmAnjIR4BgIFOzwCEwYBhgL\/s640\/Gianni%2BRodari%2B100.jpg\" width=\"640\" \/><\/a><\/div>\n<\/div>\n<div style=\"clear: both; text-align: center;\">&nbsp;<\/div>\n<div style=\"clear: both; text-align: center;\">&nbsp;<\/div>\n<div style=\"clear: both; text-align: center;\"><\/div>\n<div style=\"clear: both; text-align: center;\"><a href=\"https:\/\/1.bp.blogspot.com\/-tBolCNv8M0I\/XiGjIfuThUI\/AAAAAAAACyc\/SWaHQL8sDrkWTyzHpYgw8HPYDFNWe92NQCLcBGAsYHQ\/s1600\/Logo%2BCos%2Bde%2BLletra%2Bgran%2B-%2Bcopia.jpg\" style=\"margin-left: 1em; margin-right: 1em;\"><img decoding=\"async\" border=\"0\" data-original-height=\"168\" data-original-width=\"320\" src=\"https:\/\/1.bp.blogspot.com\/-tBolCNv8M0I\/XiGjIfuThUI\/AAAAAAAACyc\/SWaHQL8sDrkWTyzHpYgw8HPYDFNWe92NQCLcBGAsYHQ\/s1600\/Logo%2BCos%2Bde%2BLletra%2Bgran%2B-%2Bcopia.jpg\" \/><\/a> <\/div>\n<div style=\"text-align: center;\">\n<\/div>\n<p><span style=\"font-size: large;\"><span style=\"font-family: inherit;\"><\/span><\/span><\/p>\n","protected":false},"excerpt":{"rendered":"<p>CELEBREM EL CENTENARI DE L&#8217;AUTOR ITALI\u00c0! Representacions de Contes per jugar a centres educatius: Novembre:&nbsp; Sta. Margarida i els Monjos. Dimecres dia 18. 15h. Taradell. Dimecres dia 25. 10h. Sabadell. Divendres dia 27. 11h. Desembre: S\u00faria. Dijous dia 3. 15.30h. Terrassa. Dimecres dia 9. 11.30h. St. Esteve Sesrovires. Divendres dia 11. 11.30h. CONTES PER JUGAR [&hellip;]<\/p>\n","protected":false},"author":2,"featured_media":0,"comment_status":"open","ping_status":"open","sticky":false,"template":"","format":"standard","meta":{"footnotes":""},"categories":[14,16,22],"tags":[],"class_list":["post-57","post","type-post","status-publish","format-standard","hentry","category-biblioteques","category-infantil","category-tallers-i-activitats"],"_links":{"self":[{"href":"https:\/\/cosdelletra.com\/index.php\/wp-json\/wp\/v2\/posts\/57","targetHints":{"allow":["GET"]}}],"collection":[{"href":"https:\/\/cosdelletra.com\/index.php\/wp-json\/wp\/v2\/posts"}],"about":[{"href":"https:\/\/cosdelletra.com\/index.php\/wp-json\/wp\/v2\/types\/post"}],"author":[{"embeddable":true,"href":"https:\/\/cosdelletra.com\/index.php\/wp-json\/wp\/v2\/users\/2"}],"replies":[{"embeddable":true,"href":"https:\/\/cosdelletra.com\/index.php\/wp-json\/wp\/v2\/comments?post=57"}],"version-history":[{"count":0,"href":"https:\/\/cosdelletra.com\/index.php\/wp-json\/wp\/v2\/posts\/57\/revisions"}],"wp:attachment":[{"href":"https:\/\/cosdelletra.com\/index.php\/wp-json\/wp\/v2\/media?parent=57"}],"wp:term":[{"taxonomy":"category","embeddable":true,"href":"https:\/\/cosdelletra.com\/index.php\/wp-json\/wp\/v2\/categories?post=57"},{"taxonomy":"post_tag","embeddable":true,"href":"https:\/\/cosdelletra.com\/index.php\/wp-json\/wp\/v2\/tags?post=57"}],"curies":[{"name":"wp","href":"https:\/\/api.w.org\/{rel}","templated":true}]}}