{"id":36,"date":"2022-02-05T11:48:00","date_gmt":"2022-02-05T11:48:00","guid":{"rendered":"https:\/\/cosdelletra.com\/index.php\/2022\/02\/05\/ruth-vilar-guanya-el-premi-recvll-salvador-reynaldos\/"},"modified":"2022-02-05T11:48:00","modified_gmt":"2022-02-05T11:48:00","slug":"ruth-vilar-guanya-el-premi-recvll-salvador-reynaldos","status":"publish","type":"post","link":"https:\/\/cosdelletra.com\/index.php\/2022\/02\/05\/ruth-vilar-guanya-el-premi-recvll-salvador-reynaldos\/","title":{"rendered":"RUTH VILAR GUANYA EL PREMI RECVLL &#8216;SALVADOR REYNALDOS&#8217;"},"content":{"rendered":"<div>\n<div style=\"clear: both; text-align: center;\"><span style=\"font-size: large;\"><a href=\"https:\/\/blogger.googleusercontent.com\/img\/a\/AVvXsEgFCWrzfQG7yxOVYT_NW6gXHcpsXN6rk-fVPaZvu4ZskXwa16Wix47sGUqUb7XcHsJYVVuRc1NL6MRtQhWKtCDUsIPqc2eK6ebvYDVSMVWX3t3zckQT1WVEiJJRE1MqwN71ykgdZfwms6vBsI5bTqU87Y6FwH0hDlYbJinA82Qfw_OTSqhDml2ePept=s680\" style=\"margin-left: 1em; margin-right: 1em;\"><img loading=\"lazy\" decoding=\"async\" border=\"0\" data-original-height=\"416\" data-original-width=\"680\" height=\"392\" src=\"https:\/\/blogger.googleusercontent.com\/img\/a\/AVvXsEgFCWrzfQG7yxOVYT_NW6gXHcpsXN6rk-fVPaZvu4ZskXwa16Wix47sGUqUb7XcHsJYVVuRc1NL6MRtQhWKtCDUsIPqc2eK6ebvYDVSMVWX3t3zckQT1WVEiJJRE1MqwN71ykgdZfwms6vBsI5bTqU87Y6FwH0hDlYbJinA82Qfw_OTSqhDml2ePept=w640-h392\" width=\"640\" \/><\/a><\/span><\/div>\n<div style=\"text-align: center;\"><span style=\"font-size: large;\">&nbsp;<span style=\"font-size: x-small;\">Els guanyadors de les diferents categories dels Premis Recvll 2022<\/span><\/span><\/div>\n<div style=\"text-align: center;\"><span style=\"font-size: large;\"><span style=\"font-size: x-small;\"><br \/><\/span><\/span><\/div>\n<\/p>\n<p><span style=\"font-family: inherit;\"><span style=\"font-size: large;\">L&#8217;autora i directora teatral Ruth Vilar ha estat guardonada amb el Premi Recvll &#8216;Salvador Reynaldos&#8217; de periodisme per l&#8217;article d&#8217;opini\u00f3 <i>Reajustar o emmalaltir<\/i>.&nbsp;<\/span><\/span><\/p>\n<p><span style=\"font-family: inherit;\"><span style=\"font-size: large;\">Aquest text <\/span><\/span><span style=\"font-family: inherit;\"><span style=\"font-size: large;\">assenyala l&#8217;abast de la influ\u00e8ncia col\u00b7lectiva en la salut individual. I<br \/>\n ens planteja un dilema: estem disposats a transformar&nbsp;aquells h\u00e0bits<br \/>\nsocials que sabem que perjudiquen el benestar fonamental de les<br \/>\npersones? Una crida a responsabilitzar-nos de la nostra salut i a<br \/>\ncontribuir a la salut dels altres.&nbsp;<\/span><\/span><\/p>\n<p><span style=\"font-family: inherit;\"><span style=\"font-size: large;\">&nbsp;<\/span><\/span><\/p>\n<p><span style=\"font-family: inherit;\"><span style=\"font-size: large;\"><\/span><\/span><\/p>\n<div style=\"clear: both; text-align: center;\"><span style=\"font-size: large;\"><a href=\"https:\/\/blogger.googleusercontent.com\/img\/a\/AVvXsEg2mpymr7Fs3_JOW8Qvxk2r1w8nk6cqV5ELNDetPhfo7LCsPc5RjTejupRxkHdwWLrNM1vay95M8-AZaBqmIi6sQpXZ1rU4GYLNQ4K_-sezq1mu6QKMW-ExFLhVyWp-o1fnwU7JNElTrFRrL6SgoFdwgcdQvvsKIWdOFqDVHi_dHh7uDeDlsjc99VyG=s3028\" style=\"margin-left: 1em; margin-right: 1em;\"><img loading=\"lazy\" decoding=\"async\" border=\"0\" data-original-height=\"2401\" data-original-width=\"3028\" height=\"508\" src=\"https:\/\/blogger.googleusercontent.com\/img\/a\/AVvXsEg2mpymr7Fs3_JOW8Qvxk2r1w8nk6cqV5ELNDetPhfo7LCsPc5RjTejupRxkHdwWLrNM1vay95M8-AZaBqmIi6sQpXZ1rU4GYLNQ4K_-sezq1mu6QKMW-ExFLhVyWp-o1fnwU7JNElTrFRrL6SgoFdwgcdQvvsKIWdOFqDVHi_dHh7uDeDlsjc99VyG=w640-h508\" width=\"640\" \/><\/a><\/span><\/div>\n<\/div>\n<div style=\"text-align: center;\"><span style=\"font-size: x-small;\">Ruth Vilar parla amb Maria Merc\u00e8 Roca, presidenta del jurat<\/span><\/div>\n<div><span style=\"font-size: large;\">&nbsp;<\/span><\/p>\n<p><span style=\"font-family: inherit;\"><span style=\"font-size: large;\">L&#8217;article apareixer\u00e0 publicat properament a la centen\u00e0ria revista <i>Recvll<\/i>. A la cerim\u00f2nia d&#8217;entrega del premi, que va tenir lloc al Teatre de Blanes, se&#8217;n va llegir un petit fragment:<br \/><\/span><\/span><\/p>\n<p><span style=\"font-family: inherit;\"><span style=\"font-size: large;\">\u00abPuc negar-me a gaudir a costa del perjudici d\u2019altri; puc rebutjar clar i net que un altre s\u2019aprofiti de mi. Aix\u00f2 \u00e9s salut mental. L\u2019adopci\u00f3 d\u2019aquestes dues senzilles m\u00e0ximes introdueix una afirmaci\u00f3 in\u00e8dita en el sistema de creences com\u00fa. On abans d\u00e8iem: &#8216;Les coses s\u00f3n com s\u00f3n&#8217;, ara direm: &#8216;Les coses s\u00f3n com les fem perqu\u00e8 vam decidir fer-les aix\u00ed, i si fetes aix\u00ed ja no funcionen caldr\u00e0 que decidim una altra cosa&#8217;. Vetllar per unes condicions de vida que preservin la salut mental comporta admetre que es plantegin conflictes i assumir un paper actiu en la seva resoluci\u00f3.\u00bb<\/span><\/span><\/p>\n<p><span style=\"font-family: inherit;\"><span style=\"font-size: large;\">&nbsp;<\/span><\/span><\/p>\n<p><span style=\"font-family: inherit;\"><span style=\"font-size: large;\"><\/span><\/span><\/p>\n<div style=\"clear: both; text-align: center;\"><span style=\"font-size: large;\"><a href=\"https:\/\/blogger.googleusercontent.com\/img\/a\/AVvXsEho3U44Hb8WuxSap6xnRLZb68NziiXYBEv3Zy04MiY8yPpTUSsHgzzp7lOLnetOob5F_zBuy66ic6Y2LE1QCubqpKVOkvUv6I2suhPq2j9iohxkjSexx2SRD4Y0EUh3hiV_qvlLf3tjdyOIMUoX7P0vuoXKLs1Dvrql3myzc6MFpKRgI3F0HquE570H=s1536\" style=\"margin-left: 1em; margin-right: 1em;\"><img loading=\"lazy\" decoding=\"async\" border=\"0\" data-original-height=\"1536\" data-original-width=\"1152\" height=\"640\" src=\"https:\/\/blogger.googleusercontent.com\/img\/a\/AVvXsEho3U44Hb8WuxSap6xnRLZb68NziiXYBEv3Zy04MiY8yPpTUSsHgzzp7lOLnetOob5F_zBuy66ic6Y2LE1QCubqpKVOkvUv6I2suhPq2j9iohxkjSexx2SRD4Y0EUh3hiV_qvlLf3tjdyOIMUoX7P0vuoXKLs1Dvrql3myzc6MFpKRgI3F0HquE570H=w480-h640\" width=\"480\" \/><\/a><\/span><\/div>\n<\/div>\n<div style=\"text-align: center;\"><span style=\"font-size: x-small;\"><span style=\"font-family: inherit;\">Ruth Vilar agraeix el premi durant la cerim\u00f2nia al Teatre de Blanes<\/span><\/span><\/div>\n<div style=\"text-align: center;\"><span style=\"font-family: inherit;\"><span style=\"font-size: large;\"><br \/><\/span><\/span><\/div>\n<div>\n<div style=\"direction: ltr;\">\n<p style=\"background-color: transparent; color: windowtext; font-style: normal; font-weight: normal; margin-left: 0px; margin-right: 0px; padding-left: 0px; padding-right: 0px; text-align: left; text-indent: 0px; vertical-align: baseline;\"><span style=\"font-family: inherit;\"><span data-contrast=\"auto\" lang=\"CA-ES\" style=\"font-size: 14pt; line-height: 34.5px;\"><\/span><a href=\"http:\/\/cosdelletra.blogspot.com\/2011\/03\/ruth-vilar.html\" rel=\"noreferrer noopener\" style=\"color: inherit; text-decoration: none;\" target=\"_blank\"><span data-contrast=\"none\" lang=\"CA-ES\" style=\"color: #0563c1; font-size: 14pt; line-height: 34.5px; text-decoration: underline;\"><span data-ccp-charstyle=\"Hyperlink\">Ruth Vilar<\/span><\/span><\/a><span data-contrast=\"auto\" lang=\"CA-ES\" style=\"font-size: 14pt; line-height: 34.5px;\"><span> \u00e9s autora i directora teatral. Cofundadora, amb l\u2019actor <a href=\"https:\/\/cosdelletra.blogspot.com\/2011\/03\/salva-artesero.html\" target=\"_blank\" rel=\"noopener\">Salva <\/a><\/span><a href=\"https:\/\/cosdelletra.blogspot.com\/2011\/03\/salva-artesero.html\" target=\"_blank\" rel=\"noopener\"><span>Artesero<\/span><\/a><span>, de la companyia <\/span><\/span><a href=\"http:\/\/cosdelletra.blogspot.com\/\" rel=\"noreferrer noopener\" style=\"color: inherit; text-decoration: none;\" target=\"_blank\"><span data-contrast=\"none\" lang=\"CA-ES\" style=\"color: #0563c1; font-size: 14pt; line-height: 34.5px; text-decoration: underline;\"><span data-ccp-charstyle=\"Hyperlink\">Cos de Lletra<\/span><\/span><\/a><span data-contrast=\"auto\" lang=\"CA-ES\" style=\"font-size: 14pt; line-height: 34.5px;\"><span>. Ha publicat o estrenat m\u00e9s d\u2019una vintena de textos dram\u00e0tics \u2014originals i dramat\u00fargies<\/span><span>\u2014, assag\u00edstics<\/span><span> i divulgatius. Entre les seves obres, destaquem <\/span><\/span><a href=\"https:\/\/www.daualsecartsesceniques.cat\/programacio\/las-avidas-raices\" rel=\"noreferrer noopener\" style=\"color: inherit; text-decoration: none;\" target=\"_blank\"><span data-contrast=\"none\" lang=\"CA-ES\" style=\"color: #0563c1; font-size: 14pt; font-style: italic; line-height: 34.5px; text-decoration: underline;\"><span data-ccp-charstyle=\"Hyperlink\">Las <\/span><span data-ccp-charstyle=\"Hyperlink\">\u00e1vidas<\/span><span data-ccp-charstyle=\"Hyperlink\"> <\/span><span data-ccp-charstyle=\"Hyperlink\">ra\u00edces<\/span><\/span><\/a><span data-contrast=\"auto\" lang=\"CA-ES\" style=\"font-size: 14pt; line-height: 34.5px;\"><span>, que es podr\u00e0 veure el proper mes de maig al teatre <a href=\"https:\/\/www.daualsecartsesceniques.cat\/programacio\/las-avidas-raices\" target=\"_blank\" rel=\"noopener\">Dau al Sec<\/a> de Barcelona. Col\u00b7labora habitualment amb diversos mitjans, com ara <\/span><\/span><a href=\"https:\/\/primeracto.com\/\" rel=\"noreferrer noopener\" style=\"color: inherit; text-decoration: none;\" target=\"_blank\"><span data-contrast=\"none\" lang=\"CA-ES\" style=\"color: #0563c1; font-size: 14pt; font-style: italic; line-height: 34.5px; text-decoration: underline;\"><span data-ccp-charstyle=\"Hyperlink\">Primer <\/span><span data-ccp-charstyle=\"Hyperlink\">Acto<\/span><\/span><\/a><span data-contrast=\"auto\" lang=\"CA-ES\" style=\"font-size: 14pt; line-height: 34.5px;\"><span>, i a <\/span><\/span><a href=\"http:\/\/prospeccionespertejo.blogspot.com\/\" rel=\"noreferrer noopener\" style=\"color: inherit; text-decoration: none;\" target=\"_blank\"><span data-contrast=\"none\" lang=\"CA-ES\" style=\"color: #0563c1; font-size: 14pt; font-style: italic; line-height: 34.5px; text-decoration: underline;\"><span data-ccp-charstyle=\"Hyperlink\">Las <\/span><span data-ccp-charstyle=\"Hyperlink\">u\u00f1as<\/span><span data-ccp-charstyle=\"Hyperlink\"> <\/span><span data-ccp-charstyle=\"Hyperlink\">negras<\/span><\/span><\/a><span data-contrast=\"auto\" lang=\"CA-ES\" style=\"font-size: 14pt; font-style: italic; line-height: 34.5px;\"><span> <\/span><\/span><span data-contrast=\"auto\" lang=\"CA-ES\" style=\"font-size: 14pt; line-height: 34.5px;\"><span>\u2014on escriu amb el pseud\u00f2nim de Pepa <\/span><span>Pertejo<\/span><span>.&nbsp;<\/span><\/span><\/span><span data-ccp-props=\"{&quot;201341983&quot;:0,&quot;335559739&quot;:160,&quot;335559740&quot;:360}\" style=\"font-family: Cambria, &quot;Cambria_EmbeddedFont&quot;, &quot;Cambria_MSFontService&quot;, serif; font-size: 14pt; line-height: 34.5px;\"><span style=\"font-family: inherit;\"> <\/span><br \/><\/span><\/p>\n<\/div>\n<\/div>\n","protected":false},"excerpt":{"rendered":"<p>&nbsp;Els guanyadors de les diferents categories dels Premis Recvll 2022 L&#8217;autora i directora teatral Ruth Vilar ha estat guardonada amb el Premi Recvll &#8216;Salvador Reynaldos&#8217; de periodisme per l&#8217;article d&#8217;opini\u00f3 Reajustar o emmalaltir.&nbsp; Aquest text assenyala l&#8217;abast de la influ\u00e8ncia col\u00b7lectiva en la salut individual. I ens planteja un dilema: estem disposats a transformar&nbsp;aquells h\u00e0bits [&hellip;]<\/p>\n","protected":false},"author":2,"featured_media":0,"comment_status":"open","ping_status":"open","sticky":false,"template":"","format":"standard","meta":{"footnotes":""},"categories":[1],"tags":[],"class_list":["post-36","post","type-post","status-publish","format-standard","hentry","category-uncategorized"],"_links":{"self":[{"href":"https:\/\/cosdelletra.com\/index.php\/wp-json\/wp\/v2\/posts\/36","targetHints":{"allow":["GET"]}}],"collection":[{"href":"https:\/\/cosdelletra.com\/index.php\/wp-json\/wp\/v2\/posts"}],"about":[{"href":"https:\/\/cosdelletra.com\/index.php\/wp-json\/wp\/v2\/types\/post"}],"author":[{"embeddable":true,"href":"https:\/\/cosdelletra.com\/index.php\/wp-json\/wp\/v2\/users\/2"}],"replies":[{"embeddable":true,"href":"https:\/\/cosdelletra.com\/index.php\/wp-json\/wp\/v2\/comments?post=36"}],"version-history":[{"count":0,"href":"https:\/\/cosdelletra.com\/index.php\/wp-json\/wp\/v2\/posts\/36\/revisions"}],"wp:attachment":[{"href":"https:\/\/cosdelletra.com\/index.php\/wp-json\/wp\/v2\/media?parent=36"}],"wp:term":[{"taxonomy":"category","embeddable":true,"href":"https:\/\/cosdelletra.com\/index.php\/wp-json\/wp\/v2\/categories?post=36"},{"taxonomy":"post_tag","embeddable":true,"href":"https:\/\/cosdelletra.com\/index.php\/wp-json\/wp\/v2\/tags?post=36"}],"curies":[{"name":"wp","href":"https:\/\/api.w.org\/{rel}","templated":true}]}}