{"id":34,"date":"2022-03-15T12:03:00","date_gmt":"2022-03-15T12:03:00","guid":{"rendered":"https:\/\/cosdelletra.com\/index.php\/2022\/03\/15\/lectura-expressiva-en-veu-alta\/"},"modified":"2022-03-15T12:03:00","modified_gmt":"2022-03-15T12:03:00","slug":"lectura-expressiva-en-veu-alta","status":"publish","type":"post","link":"https:\/\/cosdelletra.com\/index.php\/2022\/03\/15\/lectura-expressiva-en-veu-alta\/","title":{"rendered":"LECTURA EXPRESSIVA EN VEU ALTA"},"content":{"rendered":"<div style=\"text-align: center;\">\n<span style=\"font-family: inherit;\"><span lang=\"CA\" style=\"font-size: large; line-height: 150%;\"><span style=\"font-family: inherit;\">TALLER \u00b7 ADULTS \u00b7 INFANTIL I JUVENIL<br \/>&nbsp;<br \/>\nUniversitats \u00b7 Instituts de secund\u00e0ria i batxillerat \u00b7 <\/span><\/span><\/span><br \/>\n<span style=\"font-family: inherit;\"><span lang=\"CA\" style=\"font-size: large; line-height: 150%;\"><span style=\"font-family: inherit;\"><span style=\"font-family: inherit;\"><span lang=\"CA\" style=\"font-size: large; line-height: 150%;\"><span style=\"font-family: inherit;\">Escoles de prim\u00e0ria \u00b7 <\/span><\/span><\/span><\/span><\/span><\/span><span style=\"font-family: inherit;\"><span lang=\"CA\" style=\"font-size: large; line-height: 150%;\"><span style=\"font-family: inherit;\"><span style=\"font-family: inherit;\"><span lang=\"CA\" style=\"font-size: large; line-height: 150%;\"><span style=\"font-family: inherit;\"><span style=\"font-family: inherit;\"><span lang=\"CA\" style=\"font-size: large; line-height: 150%;\"><span style=\"font-family: inherit;\">Centres c\u00edvics <\/span><\/span><\/span><\/span><\/span><\/span><\/span><\/span><\/span><\/p>\n<p><\/div>\n<div style=\"clear: both; text-align: center;\">\n<a href=\"https:\/\/3.bp.blogspot.com\/-0E0l2CBCpEU\/WaRMBjXn_pI\/AAAAAAAACT4\/AB2Y0NPCrVs6gkGrzoQNBrdDgCit8XxIQCLcBGAs\/s1600\/Objetos%2Bpunzantes%2Ben%2BLa%2BInfinito.JPG\" style=\"margin-left: 1em; margin-right: 1em;\"><img loading=\"lazy\" decoding=\"async\" border=\"0\" data-original-height=\"428\" data-original-width=\"640\" height=\"427\" src=\"https:\/\/3.bp.blogspot.com\/-0E0l2CBCpEU\/WaRMBjXn_pI\/AAAAAAAACT4\/AB2Y0NPCrVs6gkGrzoQNBrdDgCit8XxIQCLcBGAs\/s640\/Objetos%2Bpunzantes%2Ben%2BLa%2BInfinito.JPG\" width=\"640\" \/><\/a><\/div>\n<p><\/p>\n<div style=\"text-align: center;\">\n<span style=\"font-family: inherit;\"><span lang=\"CA\" style=\"font-size: large; line-height: 150%;\">Contractaci\u00f3 de l&#8217;activitat:<\/span><\/span>\n<\/div>\n<div style=\"text-align: center;\">\n<span style=\"font-family: inherit;\"><span lang=\"CA\" style=\"font-size: small; line-height: 150%;\">cosdelletra@gmail.com&nbsp; <\/span><\/span><\/div>\n<div style=\"text-align: center;\">\n<span style=\"font-family: inherit;\"><span lang=\"CA\" style=\"font-size: large; line-height: 150%;\"><span style=\"font-size: small;\">609 28 01 79<span face=\"&quot;verdana&quot; , &quot;sans-serif&quot;\"> <\/span><\/span><\/span><\/span><\/div>\n<p><span style=\"font-family: inherit;\"><br \/><\/span><br \/>\n<span style=\"font-family: inherit;\"><span lang=\"CA\" style=\"font-size: large; line-height: 150%;\">Si b\u00e9<br \/>\nl\u2019aprenentatge mec\u00e0nic de la <b>lectura<\/b> exigeix una dedicaci\u00f3 prolongada i de<br \/>\nvegades feixuga, no podem oblidar que tant o m\u00e9s important \u00e9s <b>l\u2019aprenentatge de<br \/>\nla lectura expressiva<\/b>, que comporta un augment de la <b>comprensi\u00f3<\/b> i un <b>gaudi<\/b>. La<br \/>\n<b>lectura en veu alta<\/b>, lluny de ser una cursa on es mesurin paraules per minut, ha<br \/>\nd\u2019implicar <b>un plaer<\/b> tant pel qui llegeix com pels qui l\u2019escolten.<\/span><\/span><\/p>\n<p><\/p>\n<div style=\"line-height: 150%;\">\n<span style=\"font-family: inherit;\"><span style=\"font-size: large;\"><br \/><\/span><\/span><\/div>\n<div style=\"line-height: 150%;\">\n<span style=\"font-family: inherit;\"><span lang=\"CA\" style=\"font-size: large; line-height: 150%;\">A trav\u00e9s<br \/>\nd&#8217;aquestes sessions, a c\u00e0rrec de dos dinamitzadors, estimulem la <b>llibertat<br \/>\ncreativa<\/b> dels participants amb t\u00e8cniques concretes, plantejades sempre des<br \/>\nd&#8217;una perspectiva l\u00fadica i entusiasta. Mitjan\u00e7ant exercicis pr\u00e0ctics els<br \/>\nalumnes s&#8217;apropen a la <b>creaci\u00f3<\/b> i a l&#8217;<b>experi\u00e8ncia art\u00edstica<\/b>.<\/span><\/span><\/div>\n<div style=\"line-height: 150%;\">\n<span style=\"font-family: inherit;\"><span style=\"font-size: large;\"><br \/><\/span><\/span><\/div>\n<div style=\"line-height: 150%;\">\n<span style=\"font-family: inherit;\"><span lang=\"CA\" style=\"font-size: large; line-height: 150%;\">Aquests tallers<br \/>\ntamb\u00e9 estan disponibles amb un temari espec\u00edfic per a docents, on no nom\u00e9s es<br \/>\ntreballa per aprofundir en aquesta t\u00e8cnica individualment, sin\u00f3 que tamb\u00e9<br \/>\ns\u2019ofereixen estrat\u00e8gies per aplicar el treball a l\u2019aula.<\/span><\/span><\/div>\n<div style=\"line-height: 150%;\"><span style=\"font-family: inherit;\"><span lang=\"CA\" style=\"font-size: large; line-height: 150%;\">&nbsp;<\/span><\/span><\/div>\n<div style=\"line-height: 150%;\"><span style=\"font-family: inherit;\"><span lang=\"CA\" style=\"font-size: large; line-height: 150%;\"><a href=\"http:\/\/cosdelletra.blogspot.com\/2011\/03\/salva-artesero.html\" target=\"_blank\" rel=\"noopener\">Salva Artesero<\/a> i <a href=\"http:\/\/cosdelletra.blogspot.com\/2011\/03\/ruth-vilar.html\" target=\"_blank\" rel=\"noopener\">Ruth Vilar<\/a> dinamitzen plegats aquest taller.<\/span><\/span><\/div>\n<div style=\"line-height: 150%;\"><span style=\"font-family: inherit;\"><span lang=\"CA\" style=\"font-size: large; line-height: 150%;\">Tots dos formen la companyia <a href=\"http:\/\/cosdelletra.blogspot.com\/p\/blog-page_4.html\" target=\"_blank\" rel=\"noopener\">Cos de Lletra<\/a>, amb 16 anys d&#8217;experi\u00e8ncia en la divulgaci\u00f3 i l&#8217;ensenyament l\u00fadic del teatre, la literatura, la lectura en veu alta i l&#8217;escriptura creativa, a biblioteques, escoles, instituts i universitats.<\/span><\/span><\/div>\n<div style=\"line-height: 150%;\"><span style=\"font-family: inherit;\"><span lang=\"CA\" style=\"font-size: large; line-height: 150%;\">S\u00f3n especialistes en Lectura Expressiva en Veu Alta. L&#8217;ensenyen a infants, joves, adults i formadors. Imparteixen tallers informals, cursos intensius i classes magistrals en entorns diversos. Participen com a professors convidats al Postgrau de Prescripci\u00f3 Lectora de la Universitat de Barcelona. <br \/><\/span><\/span><\/div>\n<div style=\"line-height: 150%;\">\n<\/div>\n<div style=\"line-height: 150%;\">\n<div style=\"clear: both; text-align: center;\">\n<span style=\"font-family: inherit;\"><\/span><\/div>\n<p><\/p>\n<div style=\"clear: both; text-align: center;\">\n<a href=\"http:\/\/3.bp.blogspot.com\/-ZTG1cC4aLSI\/Um5Bnosug1I\/AAAAAAAABBY\/Pbzvrwce1a4\/s1600\/encontres012.jpg\" style=\"margin-left: 1em; margin-right: 1em;\"><img loading=\"lazy\" decoding=\"async\" border=\"0\" height=\"300\" src=\"https:\/\/3.bp.blogspot.com\/-ZTG1cC4aLSI\/Um5Bnosug1I\/AAAAAAAABBY\/Pbzvrwce1a4\/s400\/encontres012.jpg\" width=\"400\" \/><\/a><\/div>\n<div style=\"text-align: center;\">\n<span style=\"font-family: inherit;\"><span lang=\"CA\" style=\"font-size: large; line-height: 150%;\">&nbsp;<\/span><\/span><span style=\"font-family: inherit;\"><span lang=\"CA\" style=\"font-size: large; line-height: 115%;\"><span style=\"font-size: xx-small;\">Fotografia de Maite Mar\u00edn<\/span><\/span><\/span><\/div>\n<p>\n<span style=\"font-family: inherit;\"><span lang=\"CA\" style=\"font-size: large; line-height: 150%;\"><b>Curs 2021-2022 <br \/><\/b><\/span><\/span><\/div>\n<div style=\"line-height: 150%;\"><span style=\"font-family: inherit;\"><span lang=\"CA\" style=\"font-size: large; line-height: 150%;\"><span style=\"font-family: inherit;\"><span lang=\"CA\" style=\"font-size: large; line-height: 150%;\"><span style=\"font-family: inherit;\"><span lang=\"CA\" style=\"font-size: large; line-height: 150%;\"><span style=\"font-family: inherit;\">M\u00e0ster de Prescripci\u00f3 Lectora. Universitat de Barcelona (Facultat de Biblioteconomia i Documentaci\u00f3)<\/span><\/span><\/span><\/span><\/span><span style=\"font-family: inherit;\"><span lang=\"CA\" style=\"font-size: large; line-height: 150%;\"><span style=\"font-family: inherit;\"><span lang=\"CA\" style=\"font-size: large; line-height: 150%;\"><span style=\"font-family: inherit;\">.<\/span><\/span><\/span><\/span><\/span><b> <\/b><\/span><\/span><\/div>\n<div style=\"line-height: 150%;\"><span style=\"font-family: inherit;\"><span lang=\"CA\" style=\"font-size: large; line-height: 150%;\"><b>&nbsp;<\/b><\/span><\/span><\/div>\n<div style=\"line-height: 150%;\"><span style=\"font-family: inherit;\"><span lang=\"CA\" style=\"font-size: large; line-height: 150%;\"><b>Curs 2020-2021 <br \/><\/b><\/span><\/span><\/div>\n<div style=\"line-height: 150%;\"><span style=\"font-family: inherit;\"><span lang=\"CA\" style=\"font-size: large; line-height: 150%;\">Grups redu\u00efts a Caldes de Montbui.<\/span><\/span><\/div>\n<div style=\"line-height: 150%;\"><span style=\"font-family: inherit;\"><span lang=\"CA\" style=\"font-size: large; line-height: 150%;\"><b> <br \/><\/b><\/span><\/span><\/div>\n<div style=\"line-height: 150%;\"><span style=\"font-family: inherit;\"><span lang=\"CA\" style=\"font-size: large; line-height: 150%;\"><b>Curs 2019-2020 <\/b><\/span><\/span><br \/>\n<span style=\"font-family: inherit;\"><span lang=\"CA\" style=\"font-size: large; line-height: 150%;\">Grup estable a la Biblioteca Montserrat Abell\u00f3 de Barcelona.<\/span><\/span><br \/>\n<span style=\"font-family: inherit;\"><span lang=\"CA\" style=\"font-size: large; line-height: 150%;\">Gener-Maig 2020<\/span><\/span><br \/>\n<span style=\"font-family: inherit;\"><span lang=\"CA\" style=\"font-size: large; line-height: 150%;\"><br \/><\/span><\/span><br \/>\n<span style=\"font-family: inherit;\"><span lang=\"CA\" style=\"font-size: large; line-height: 150%;\"><span style=\"font-family: inherit;\"><span lang=\"CA\" style=\"font-size: large; line-height: 150%;\"><span style=\"font-family: inherit;\">M\u00e0ster de Prescripci\u00f3 Lectora. Universitat de Barcelona (Facultat de Biblioteconomia i Documentaci\u00f3). <\/span><\/span><\/span><\/span><\/span><\/p>\n<p><span style=\"font-family: inherit;\"><span lang=\"CA\" style=\"font-size: large; line-height: 150%;\"><b>Curs 2018-2019<\/b><\/span><\/span><br \/>\n<span style=\"font-family: inherit;\"><span lang=\"CA\" style=\"font-size: large; line-height: 150%;\"><span style=\"font-family: inherit;\"><span lang=\"CA\" style=\"font-size: large; line-height: 150%;\"><span style=\"font-family: inherit;\"><span style=\"font-family: inherit;\"><span lang=\"CA\" style=\"font-size: large; line-height: 150%;\"><span style=\"font-family: inherit;\">M\u00e0ster de Biblioteca Escolar i Promoci\u00f3 de la Lectura. Universitat de Barcelona (Facultat de Biblioteconomia i Documentaci\u00f3).&nbsp; <\/span><\/span><\/span><\/span><\/span><\/span><\/span><\/span><span style=\"font-family: inherit;\"><span lang=\"CA\" style=\"font-size: large; line-height: 150%;\"><span style=\"font-family: inherit;\"><span lang=\"CA\" style=\"font-size: large; line-height: 150%;\"><span style=\"font-family: inherit;\">&nbsp;<\/span><\/span><\/span><\/span><\/span><\/div>\n<div style=\"line-height: 150%;\"><span style=\"font-family: inherit;\"><span lang=\"CA\" style=\"font-size: large; line-height: 150%;\"><span style=\"font-family: inherit;\"><span lang=\"CA\" style=\"font-size: large; line-height: 150%;\"><span style=\"font-family: inherit;\">&nbsp;<\/span><\/span><\/span><\/span><\/span><\/div>\n<div style=\"line-height: 150%;\"><span style=\"font-family: inherit;\"><span lang=\"CA\" style=\"font-size: large; line-height: 150%;\"><span style=\"font-family: inherit;\"><span lang=\"CA\" style=\"font-size: large; line-height: 150%;\"><span style=\"font-family: inherit;\">M\u00e0ster de Prescripci\u00f3 Lectora. Universitat de Barcelona (Facultat de Biblioteconomia i Documentaci\u00f3). <\/span><\/span><\/span><\/span><\/span><\/p>\n<p><span style=\"font-family: inherit;\"><span lang=\"CA\" style=\"font-size: large; line-height: 150%;\"><b>Curs 2017-2018<\/b><\/span><\/span><br \/>\n<span style=\"font-family: inherit;\"><span lang=\"CA\" style=\"font-size: large; line-height: 150%;\">INS Thalassa de Montgat.<\/span><\/span><\/p>\n<p><span style=\"font-family: inherit;\"><span lang=\"CA\" style=\"font-size: large; line-height: 150%;\"><span style=\"font-family: inherit;\">M\u00e0ster de Biblioteca Escolar i Promoci\u00f3 de la Lectura. Universitat de Barcelona (Facultat de Biblioteconomia i Documentaci\u00f3). <\/span><\/span><\/span><\/p>\n<p><span style=\"font-family: inherit;\"><span lang=\"CA\" style=\"font-size: large; line-height: 150%;\"><span style=\"font-family: inherit;\"><span style=\"font-family: inherit;\"><span lang=\"CA\" style=\"font-size: large; line-height: 150%;\">INS Tiana. 12 de desembre.<span style=\"font-family: inherit;\">&nbsp;<\/span><\/span><\/span> <\/span><\/span><\/span><br \/>\n<span style=\"font-family: inherit;\"><span lang=\"CA\" style=\"font-size: large; line-height: 150%;\"><b> <\/b><\/span><\/span><br \/>\n<span style=\"font-family: inherit;\"><span lang=\"CA\" style=\"font-size: large; line-height: 150%;\"><b>Curs 2016-2017<\/b><\/span><\/span><br \/>\n<span style=\"font-family: inherit;\"><span lang=\"CA\" style=\"font-size: large; line-height: 150%;\">INS Tiana. 20 de desembre<span face=\"&quot;verdana&quot; , &quot;sans-serif&quot;\">.<\/span><b>&nbsp;<\/b> <\/span><\/span><br \/>\n<span style=\"font-family: inherit;\"><br \/><\/span><br \/>\n<span style=\"font-family: inherit;\"><span lang=\"CA\" style=\"font-size: large; line-height: 150%;\"><b>Curs 2015-2016<\/b><\/span><\/span><br \/>\n<span style=\"font-family: inherit;\"><span lang=\"CA\" style=\"font-size: large; line-height: 150%;\">Trobada LECXIT. Biblioteca de Sant Feliu de Codines. 17 de febrer.&nbsp;<\/span><\/span><\/p>\n<p><span style=\"font-family: inherit;\"><span lang=\"CA\" style=\"font-size: large; line-height: 150%;\">INS Tiana. 18 de desembre.<b> <\/b><\/span><\/span><\/div>\n<div style=\"line-height: 150%;\">\n<span style=\"font-family: inherit;\"><span style=\"font-size: large;\"><br \/><\/span><\/span><\/div>\n<div style=\"line-height: 150%;\">\n<span style=\"font-family: inherit;\"><span style=\"font-size: large;\"><b><span lang=\"CA\" style=\"line-height: 150%;\">Curs 2013-2014<\/span><\/b><\/span><\/span><\/div>\n<div style=\"line-height: 150%;\">\n<span style=\"font-family: inherit;\"><span lang=\"CA\" style=\"font-size: large; line-height: 150%;\">INS<span face=\"&quot;verdana&quot; , &quot;sans-serif&quot;\"> <\/span>Tiana. 12 de desembre.<\/span><\/span><\/div>\n<div style=\"line-height: 150%;\">\n<span style=\"font-family: inherit;\"><span style=\"font-size: large;\"><br \/><\/span><\/span><\/div>\n<div style=\"line-height: 150%;\">\n<span style=\"font-family: inherit;\"><span style=\"font-size: large;\"><b><span lang=\"CA\" style=\"line-height: 150%;\">Curs 2012-2013&nbsp;<\/span><\/b><\/span><\/span><\/div>\n<div style=\"line-height: 150%;\">\n<span style=\"font-family: inherit;\"><span lang=\"CA\" style=\"font-size: large; line-height: 150%;\">Escola La<br \/>\nRoureda de Tordera. 1 de mar\u00e7.<\/span><\/span><\/div>\n<div style=\"line-height: 150%;\">\n<span style=\"font-family: inherit;\"><br \/><\/span><br \/>\n<span style=\"font-family: inherit;\"><span lang=\"CA\" style=\"font-size: large; line-height: 150%;\">Escola Jaume<br \/>\nBalmes de Sant Feliu de Codines. 26 de febrer. (Taller d&#8217;animaci\u00f3 a la lectura<br \/>\ni escriptura creativa.)&nbsp;<\/span><\/span><\/div>\n<div style=\"line-height: 150%;\">\n<span style=\"font-family: inherit;\"><br \/><\/span><br \/>\n<span style=\"font-family: inherit;\"><span lang=\"CA\" style=\"font-size: large; line-height: 150%;\">INS Tiana. 11<br \/>\nde desembre.<\/span><\/span><\/div>\n<div style=\"line-height: 150%;\">\n<span style=\"font-family: inherit;\"><span lang=\"CA\" style=\"font-size: large; line-height: 150%;\"><br \/>\n<b>Curs 2011-2012<\/b>&nbsp;<\/span><\/span><br \/>\n<span style=\"font-family: inherit;\"><span lang=\"CA\" style=\"font-size: large; line-height: 150%;\">Escola La<br \/>\nRoureda de Tordera. 16 de mar\u00e7.<\/span><\/span><\/div>\n<div style=\"line-height: 150%;\">\n<span style=\"font-family: inherit;\"><br \/><\/span><br \/>\n<span style=\"font-family: inherit;\"><span lang=\"CA\" style=\"font-size: large; line-height: 150%;\">Escola Jaume<br \/>\nBalmes de Sant Feliu de Codines. 11 d&#8217;abril.<\/span><span style=\"font-size: large;\"> (<a href=\"http:\/\/cosdelletra.blogspot.com.es\/2010\/08\/animacio-la-lectura-i-escriptura.html\">Taller d&#8217;animaci\u00f3 a la lectura i escriptura creativa<\/a>.)<\/span><\/span><\/div>\n<div style=\"line-height: 150%;\">\n<span style=\"font-family: inherit;\"><span lang=\"CA\" style=\"font-size: large; line-height: 150%;\">Institut La<br \/>\nSerra de Mollerussa. 12 d&#8217;abril.<\/span><\/span><\/div>\n<div style=\"line-height: 150%;\">\n<span style=\"font-family: inherit;\"><br \/><\/span><br \/>\n<span style=\"font-family: inherit;\"><span lang=\"CA\" style=\"font-size: large; line-height: 150%;\">Institut<br \/>\nReguissol de Santa Maria de Palautordera. 16 i 17 d&#8217;abril.<\/span><\/span><\/div>\n<div style=\"line-height: 150%;\">\n<span style=\"font-family: inherit;\"><span style=\"font-size: large;\"><br \/><\/span><\/span><\/div>\n<div style=\"line-height: 150%;\">\n<span style=\"font-family: inherit;\"><span style=\"font-size: large;\"><b><span lang=\"CA\" style=\"line-height: 150%;\">Curs 2010-2011<\/span><\/b><\/span><\/span><\/div>\n<div style=\"line-height: 150%;\">\n<span style=\"font-family: inherit;\"><span lang=\"CA\" style=\"font-size: large; line-height: 150%;\">Trobades de<br \/>\nLectura en Veu Alta als centres educatius de Mollerussa. 20 de gener i 3, 10 i<br \/>\n24 de febrer. Pla \u201cMollerussa, Municipi Lector\u201d.<\/span><\/span><\/div>\n<div style=\"line-height: 150%;\">\n<span style=\"font-family: inherit;\"><br \/><\/span><br \/>\n<span style=\"font-family: inherit;\"><span lang=\"CA\" style=\"font-size: large; line-height: 150%;\">Seminari per a<br \/>\ndocents \u00abLa lectura en veu alta\u00bb. EAP del Pla d&#8217;Urgell. Mollerussa,<br \/>\ngener, febrer i mar\u00e7.<\/span><\/span><\/div>\n<div style=\"line-height: 150%;\">\n<span style=\"font-family: inherit;\"><br \/><\/span><br \/>\n<span style=\"font-family: inherit;\"><span lang=\"CA\" style=\"font-size: large; line-height: 150%;\">Institut La Serra<br \/>\nde Mollerussa. 10 de febrer.<\/span><\/span><\/div>\n<div style=\"line-height: 150%;\">\n<span style=\"font-family: inherit;\"><br \/><\/span><br \/>\n<span style=\"font-family: inherit;\"><span lang=\"CA\" style=\"font-size: large; line-height: 150%;\">Escola Jacint<br \/>\nVerdaguer de Barcelona. 15 de mar\u00e7.<\/span><\/span><br \/>\n<span style=\"font-family: inherit;\"><br \/><\/span><br \/>\n<span style=\"font-family: inherit;\"><span lang=\"CA\" style=\"font-size: large; line-height: 150%;\">Escoles Jacint<br \/>\nVerdaguer i Maria Merc\u00e8 Mar\u00e7al de T\u00e0rrega. 31 de mar\u00e7.<\/span><\/span><\/div>\n<div style=\"line-height: 150%;\">\n<span style=\"font-family: inherit;\"><br \/><\/span><br \/>\n<span style=\"font-family: inherit;\"><span lang=\"CA\" style=\"font-size: large; line-height: 150%;\">Instituts La<br \/>\nSegarra i Antoni Torroja de Cervera. 5 de maig.<\/span><\/span><\/div>\n<div style=\"line-height: 150%;\">\n<span style=\"font-family: inherit;\"><span style=\"font-size: large;\"><br \/><\/span><\/span><\/div>\n<div style=\"line-height: 150%;\">\n<span style=\"font-family: inherit;\"><span style=\"font-size: large;\"><b><span lang=\"CA\" style=\"line-height: 150%;\">Curs 2009-2010<\/span><\/b><\/span><\/span><\/div>\n<div style=\"line-height: 150%;\">\n<span style=\"font-family: inherit;\"><span lang=\"CA\" style=\"font-size: large; line-height: 150%;\">Confer\u00e8ncia<br \/>\n\u00abLectura en veu alta\u00bb. XIV Tallers de Llengua i Literatura Catalanes.<br \/>\nFacultat de Biologia de la UB. 6 de febrer.<\/span><\/span><\/div>\n<div style=\"line-height: 150%;\">\n<span style=\"font-family: inherit;\"><br \/><\/span><br \/>\n<span style=\"font-family: inherit;\"><span lang=\"CA\" style=\"font-size: large; line-height: 150%;\">Seminari \u201cLectura en veu alta\u201d per a docents a diverses localitats de<br \/>\nCatalunya: <\/span><\/span><\/div>\n<div style=\"line-height: 150%;\">\n<span style=\"font-family: inherit;\"><span lang=\"CA\" style=\"font-size: large; line-height: 150%;\">Barcelona, febrer-abril.<\/span><\/span><\/div>\n<div style=\"line-height: 150%;\">\n<span style=\"font-family: inherit;\"><span lang=\"CA\" style=\"font-size: large; line-height: 150%;\">Sant Boi de<br \/>\nLlobregat, febrer-mar\u00e7.<\/span><\/span><\/div>\n<div style=\"line-height: 150%;\">\n<span style=\"font-family: inherit;\"><span lang=\"CA\" style=\"font-size: large; line-height: 150%;\">Granollers,<br \/>\nmar\u00e7-abril.<\/span><\/span><\/div>\n<div style=\"line-height: normal; margin-bottom: 0cm;\">\n<\/div>\n<p><!--[if gte mso 9]><xml>\n <o:OfficeDocumentSettings>\n  <o:AllowPNG\/>\n <\/o:OfficeDocumentSettings>\n<\/xml><![endif]--><!--[if gte mso 9]><xml>\n <w:WordDocument>\n  <w:View>Normal<\/w:View>\n  <w:Zoom>0<\/w:Zoom>\n  <w:TrackMoves>false<\/w:TrackMoves>\n  <w:TrackFormatting\/>\n  <w:HyphenationZone>21<\/w:HyphenationZone>\n  <w:PunctuationKerning\/>\n  <w:ValidateAgainstSchemas\/>\n  <w:SaveIfXMLInval>false<\/w:SaveIfXMLInvalid>\n  <w:IgnoreMixedContent>false<\/w:IgnoreMixedContent>\n  <w:AlwaysShowPlaceholderText>false<\/w:AlwaysShowPlaceholderText>\n  <w:DoNotPromoteQF\/>\n  <w:LidThemeOther>ES<\/w:LidThemeOther>\n  <w:LidThemeAsian>X-NONE<\/w:LidThemeAsian>\n  <w:LidThemeComplexScript>X-NONE<\/w:LidThemeComplexScript>\n  <w:Compatibility>\n   <w:BreakWrappedTables\/>\n   <w:SnapToGridInCell\/>\n   <w:WrapTextWithPunct\/>\n   <w:UseAsianBreakRules\/>\n   <w:DontGrowAutofit\/>\n   <w:SplitPgBreakAndParaMark\/>\n   <w:EnableOpenTypeKerning\/>\n   <w:DontFlipMirrorIndents\/>\n   <w:OverrideTableStyleHps\/>\n  <\/w:Compatibility>\n  <m:mathPr>\n   <m:mathFont m:val=\"Cambria Math\"\/>\n   <m:brkBin m:val=\"before\"\/>\n   <m:brkBinSub m:val=\"--\"\/>\n   <m:smallFrac m:val=\"off\"\/>\n   <m:dispDef\/>\n   <m:lMargin m:val=\"0\"\/>\n   <m:rMargin m:val=\"0\"\/>\n   <m:defJc m:val=\"centerGroup\"\/>\n   <m:wrapIndent m:val=\"1440\"\/>\n   <m:intLim m:val=\"subSup\"\/>\n   <m:naryLim m:val=\"undOvr\"\/>\n  <\/m:mathPr><\/w:WordDocument>\n<\/xml><![endif]--><!--[if gte mso 9]><xml>\n <w:LatentStyles DefLockedState=\"false\" DefUnhideWhenUsed=\"true\"\n  DefSemiHidden=\"true\" DefQFormat=\"false\" DefPriority=\"99\"\n  LatentStyleCount=\"267\">\n  <w:LsdException Locked=\"false\" Priority=\"0\" SemiHidden=\"false\"\n   UnhideWhenUsed=\"false\" QFormat=\"true\" Name=\"Normal\"\/>\n  <w:LsdException Locked=\"false\" Priority=\"9\" SemiHidden=\"false\"\n   UnhideWhenUsed=\"false\" QFormat=\"true\" Name=\"heading 1\"\/>\n  <w:LsdException Locked=\"false\" Priority=\"9\" QFormat=\"true\" Name=\"heading 2\"\/>\n  <w:LsdException Locked=\"false\" Priority=\"9\" QFormat=\"true\" Name=\"heading 3\"\/>\n  <w:LsdException Locked=\"false\" Priority=\"9\" QFormat=\"true\" Name=\"heading 4\"\/>\n  <w:LsdException Locked=\"false\" Priority=\"9\" QFormat=\"true\" Name=\"heading 5\"\/>\n  <w:LsdException Locked=\"false\" Priority=\"9\" QFormat=\"true\" Name=\"heading 6\"\/>\n  <w:LsdException Locked=\"false\" Priority=\"9\" QFormat=\"true\" Name=\"heading 7\"\/>\n  <w:LsdException Locked=\"false\" Priority=\"9\" QFormat=\"true\" Name=\"heading 8\"\/>\n  <w:LsdException Locked=\"false\" Priority=\"9\" QFormat=\"true\" Name=\"heading 9\"\/>\n  <w:LsdException Locked=\"false\" Priority=\"39\" Name=\"toc 1\"\/>\n  <w:LsdException Locked=\"false\" Priority=\"39\" Name=\"toc 2\"\/>\n  <w:LsdException Locked=\"false\" Priority=\"39\" Name=\"toc 3\"\/>\n  <w:LsdException Locked=\"false\" Priority=\"39\" Name=\"toc 4\"\/>\n  <w:LsdException Locked=\"false\" Priority=\"39\" Name=\"toc 5\"\/>\n  <w:LsdException Locked=\"false\" Priority=\"39\" Name=\"toc 6\"\/>\n  <w:LsdException Locked=\"false\" Priority=\"39\" Name=\"toc 7\"\/>\n  <w:LsdException Locked=\"false\" Priority=\"39\" Name=\"toc 8\"\/>\n  <w:LsdException Locked=\"false\" Priority=\"39\" Name=\"toc 9\"\/>\n  <w:LsdException Locked=\"false\" Priority=\"35\" QFormat=\"true\" Name=\"caption\"\/>\n  <w:LsdException Locked=\"false\" Priority=\"10\" SemiHidden=\"false\"\n   UnhideWhenUsed=\"false\" QFormat=\"true\" Name=\"Title\"\/>\n  <w:LsdException Locked=\"false\" Priority=\"1\" Name=\"Default Paragraph Font\"\/>\n  <w:LsdException Locked=\"false\" Priority=\"11\" SemiHidden=\"false\"\n   UnhideWhenUsed=\"false\" QFormat=\"true\" Name=\"Subtitle\"\/>\n  <w:LsdException Locked=\"false\" Priority=\"22\" SemiHidden=\"false\"\n   UnhideWhenUsed=\"false\" QFormat=\"true\" Name=\"Strong\"\/>\n  <w:LsdException Locked=\"false\" Priority=\"20\" SemiHidden=\"false\"\n   UnhideWhenUsed=\"false\" QFormat=\"true\" Name=\"Emphasis\"\/>\n  <w:LsdException Locked=\"false\" Priority=\"59\" SemiHidden=\"false\"\n   UnhideWhenUsed=\"false\" Name=\"Table Grid\"\/>\n  <w:LsdException Locked=\"false\" UnhideWhenUsed=\"false\" Name=\"Placeholder Text\"\/>\n  <w:LsdException Locked=\"false\" Priority=\"1\" SemiHidden=\"false\"\n   UnhideWhenUsed=\"false\" QFormat=\"true\" Name=\"No Spacing\"\/>\n  <w:LsdException Locked=\"false\" Priority=\"60\" SemiHidden=\"false\"\n   UnhideWhenUsed=\"false\" Name=\"Light Shading\"\/>\n  <w:LsdException Locked=\"false\" Priority=\"61\" SemiHidden=\"false\"\n   UnhideWhenUsed=\"false\" Name=\"Light List\"\/>\n  <w:LsdException Locked=\"false\" Priority=\"62\" SemiHidden=\"false\"\n   UnhideWhenUsed=\"false\" Name=\"Light Grid\"\/>\n  <w:LsdException Locked=\"false\" Priority=\"63\" SemiHidden=\"false\"\n   UnhideWhenUsed=\"false\" Name=\"Medium Shading 1\"\/>\n  <w:LsdException Locked=\"false\" Priority=\"64\" SemiHidden=\"false\"\n   UnhideWhenUsed=\"false\" Name=\"Medium Shading 2\"\/>\n  <w:LsdException Locked=\"false\" Priority=\"65\" SemiHidden=\"false\"\n   UnhideWhenUsed=\"false\" Name=\"Medium List 1\"\/>\n  <w:LsdException Locked=\"false\" Priority=\"66\" SemiHidden=\"false\"\n   UnhideWhenUsed=\"false\" Name=\"Medium List 2\"\/>\n  <w:LsdException Locked=\"false\" Priority=\"67\" SemiHidden=\"false\"\n   UnhideWhenUsed=\"false\" Name=\"Medium Grid 1\"\/>\n  <w:LsdException Locked=\"false\" Priority=\"68\" SemiHidden=\"false\"\n   UnhideWhenUsed=\"false\" Name=\"Medium Grid 2\"\/>\n  <w:LsdException Locked=\"false\" Priority=\"69\" SemiHidden=\"false\"\n   UnhideWhenUsed=\"false\" Name=\"Medium Grid 3\"\/>\n  <w:LsdException Locked=\"false\" Priority=\"70\" SemiHidden=\"false\"\n   UnhideWhenUsed=\"false\" Name=\"Dark List\"\/>\n  <w:LsdException Locked=\"false\" Priority=\"71\" SemiHidden=\"false\"\n   UnhideWhenUsed=\"false\" Name=\"Colorful Shading\"\/>\n  <w:LsdException Locked=\"false\" Priority=\"72\" SemiHidden=\"false\"\n   UnhideWhenUsed=\"false\" Name=\"Colorful List\"\/>\n  <w:LsdException Locked=\"false\" Priority=\"73\" SemiHidden=\"false\"\n   UnhideWhenUsed=\"false\" Name=\"Colorful Grid\"\/>\n  <w:LsdException Locked=\"false\" Priority=\"60\" SemiHidden=\"false\"\n   UnhideWhenUsed=\"false\" Name=\"Light Shading Accent 1\"\/>\n  <w:LsdException Locked=\"false\" Priority=\"61\" SemiHidden=\"false\"\n   UnhideWhenUsed=\"false\" Name=\"Light List Accent 1\"\/>\n  <w:LsdException Locked=\"false\" Priority=\"62\" SemiHidden=\"false\"\n   UnhideWhenUsed=\"false\" Name=\"Light Grid Accent 1\"\/>\n  <w:LsdException Locked=\"false\" Priority=\"63\" SemiHidden=\"false\"\n   UnhideWhenUsed=\"false\" Name=\"Medium Shading 1 Accent 1\"\/>\n  <w:LsdException Locked=\"false\" Priority=\"64\" SemiHidden=\"false\"\n   UnhideWhenUsed=\"false\" Name=\"Medium Shading 2 Accent 1\"\/>\n  <w:LsdException Locked=\"false\" Priority=\"65\" SemiHidden=\"false\"\n   UnhideWhenUsed=\"false\" Name=\"Medium List 1 Accent 1\"\/>\n  <w:LsdException Locked=\"false\" UnhideWhenUsed=\"false\" Name=\"Revision\"\/>\n  <w:LsdException Locked=\"false\" Priority=\"34\" SemiHidden=\"false\"\n   UnhideWhenUsed=\"false\" QFormat=\"true\" Name=\"List Paragraph\"\/>\n  <w:LsdException Locked=\"false\" Priority=\"29\" SemiHidden=\"false\"\n   UnhideWhenUsed=\"false\" QFormat=\"true\" Name=\"Quote\"\/>\n  <w:LsdException Locked=\"false\" Priority=\"30\" SemiHidden=\"false\"\n   UnhideWhenUsed=\"false\" QFormat=\"true\" Name=\"Intense Quote\"\/>\n  <w:LsdException Locked=\"false\" Priority=\"66\" SemiHidden=\"false\"\n   UnhideWhenUsed=\"false\" Name=\"Medium List 2 Accent 1\"\/>\n  <w:LsdException Locked=\"false\" Priority=\"67\" SemiHidden=\"false\"\n   UnhideWhenUsed=\"false\" Name=\"Medium Grid 1 Accent 1\"\/>\n  <w:LsdException Locked=\"false\" Priority=\"68\" SemiHidden=\"false\"\n   UnhideWhenUsed=\"false\" Name=\"Medium Grid 2 Accent 1\"\/>\n  <w:LsdException Locked=\"false\" Priority=\"69\" SemiHidden=\"false\"\n   UnhideWhenUsed=\"false\" Name=\"Medium Grid 3 Accent 1\"\/>\n  <w:LsdException Locked=\"false\" Priority=\"70\" SemiHidden=\"false\"\n   UnhideWhenUsed=\"false\" Name=\"Dark List Accent 1\"\/>\n  <w:LsdException Locked=\"false\" Priority=\"71\" SemiHidden=\"false\"\n   UnhideWhenUsed=\"false\" Name=\"Colorful Shading Accent 1\"\/>\n  <w:LsdException Locked=\"false\" Priority=\"72\" SemiHidden=\"false\"\n   UnhideWhenUsed=\"false\" Name=\"Colorful List Accent 1\"\/>\n  <w:LsdException Locked=\"false\" Priority=\"73\" SemiHidden=\"false\"\n   UnhideWhenUsed=\"false\" Name=\"Colorful Grid Accent 1\"\/>\n  <w:LsdException Locked=\"false\" Priority=\"60\" SemiHidden=\"false\"\n   UnhideWhenUsed=\"false\" Name=\"Light Shading Accent 2\"\/>\n  <w:LsdException Locked=\"false\" Priority=\"61\" SemiHidden=\"false\"\n   UnhideWhenUsed=\"false\" Name=\"Light List Accent 2\"\/>\n  <w:LsdException Locked=\"false\" Priority=\"62\" SemiHidden=\"false\"\n   UnhideWhenUsed=\"false\" Name=\"Light Grid Accent 2\"\/>\n  <w:LsdException Locked=\"false\" Priority=\"63\" SemiHidden=\"false\"\n   UnhideWhenUsed=\"false\" Name=\"Medium Shading 1 Accent 2\"\/>\n  <w:LsdException Locked=\"false\" Priority=\"64\" SemiHidden=\"false\"\n   UnhideWhenUsed=\"false\" Name=\"Medium Shading 2 Accent 2\"\/>\n  <w:LsdException Locked=\"false\" Priority=\"65\" SemiHidden=\"false\"\n   UnhideWhenUsed=\"false\" Name=\"Medium List 1 Accent 2\"\/>\n  <w:LsdException Locked=\"false\" Priority=\"66\" SemiHidden=\"false\"\n   UnhideWhenUsed=\"false\" Name=\"Medium List 2 Accent 2\"\/>\n  <w:LsdException Locked=\"false\" Priority=\"67\" SemiHidden=\"false\"\n   UnhideWhenUsed=\"false\" Name=\"Medium Grid 1 Accent 2\"\/>\n  <w:LsdException Locked=\"false\" Priority=\"68\" SemiHidden=\"false\"\n   UnhideWhenUsed=\"false\" Name=\"Medium Grid 2 Accent 2\"\/>\n  <w:LsdException Locked=\"false\" Priority=\"69\" SemiHidden=\"false\"\n   UnhideWhenUsed=\"false\" Name=\"Medium Grid 3 Accent 2\"\/>\n  <w:LsdException Locked=\"false\" Priority=\"70\" SemiHidden=\"false\"\n   UnhideWhenUsed=\"false\" Name=\"Dark List Accent 2\"\/>\n  <w:LsdException Locked=\"false\" Priority=\"71\" SemiHidden=\"false\"\n   UnhideWhenUsed=\"false\" Name=\"Colorful Shading Accent 2\"\/>\n  <w:LsdException Locked=\"false\" Priority=\"72\" SemiHidden=\"false\"\n   UnhideWhenUsed=\"false\" Name=\"Colorful List Accent 2\"\/>\n  <w:LsdException Locked=\"false\" Priority=\"73\" SemiHidden=\"false\"\n   UnhideWhenUsed=\"false\" Name=\"Colorful Grid Accent 2\"\/>\n  <w:LsdException Locked=\"false\" Priority=\"60\" SemiHidden=\"false\"\n   UnhideWhenUsed=\"false\" Name=\"Light Shading Accent 3\"\/>\n  <w:LsdException Locked=\"false\" Priority=\"61\" SemiHidden=\"false\"\n   UnhideWhenUsed=\"false\" Name=\"Light List Accent 3\"\/>\n  <w:LsdException Locked=\"false\" Priority=\"62\" SemiHidden=\"false\"\n   UnhideWhenUsed=\"false\" Name=\"Light Grid Accent 3\"\/>\n  <w:LsdException Locked=\"false\" Priority=\"63\" SemiHidden=\"false\"\n   UnhideWhenUsed=\"false\" Name=\"Medium Shading 1 Accent 3\"\/>\n  <w:LsdException Locked=\"false\" Priority=\"64\" SemiHidden=\"false\"\n   UnhideWhenUsed=\"false\" Name=\"Medium Shading 2 Accent 3\"\/>\n  <w:LsdException Locked=\"false\" Priority=\"65\" SemiHidden=\"false\"\n   UnhideWhenUsed=\"false\" Name=\"Medium List 1 Accent 3\"\/>\n  <w:LsdException Locked=\"false\" Priority=\"66\" SemiHidden=\"false\"\n   UnhideWhenUsed=\"false\" Name=\"Medium List 2 Accent 3\"\/>\n  <w:LsdException Locked=\"false\" Priority=\"67\" SemiHidden=\"false\"\n   UnhideWhenUsed=\"false\" Name=\"Medium Grid 1 Accent 3\"\/>\n  <w:LsdException Locked=\"false\" Priority=\"68\" SemiHidden=\"false\"\n   UnhideWhenUsed=\"false\" Name=\"Medium Grid 2 Accent 3\"\/>\n  <w:LsdException Locked=\"false\" Priority=\"69\" SemiHidden=\"false\"\n   UnhideWhenUsed=\"false\" Name=\"Medium Grid 3 Accent 3\"\/>\n  <w:LsdException Locked=\"false\" Priority=\"70\" SemiHidden=\"false\"\n   UnhideWhenUsed=\"false\" Name=\"Dark List Accent 3\"\/>\n  <w:LsdException Locked=\"false\" Priority=\"71\" SemiHidden=\"false\"\n   UnhideWhenUsed=\"false\" Name=\"Colorful Shading Accent 3\"\/>\n  <w:LsdException Locked=\"false\" Priority=\"72\" SemiHidden=\"false\"\n   UnhideWhenUsed=\"false\" Name=\"Colorful List Accent 3\"\/>\n  <w:LsdException Locked=\"false\" Priority=\"73\" SemiHidden=\"false\"\n   UnhideWhenUsed=\"false\" Name=\"Colorful Grid Accent 3\"\/>\n  <w:LsdException Locked=\"false\" Priority=\"60\" SemiHidden=\"false\"\n   UnhideWhenUsed=\"false\" Name=\"Light Shading Accent 4\"\/>\n  <w:LsdException Locked=\"false\" Priority=\"61\" SemiHidden=\"false\"\n   UnhideWhenUsed=\"false\" Name=\"Light List Accent 4\"\/>\n  <w:LsdException Locked=\"false\" Priority=\"62\" SemiHidden=\"false\"\n   UnhideWhenUsed=\"false\" Name=\"Light Grid Accent 4\"\/>\n  <w:LsdException Locked=\"false\" Priority=\"63\" SemiHidden=\"false\"\n   UnhideWhenUsed=\"false\" Name=\"Medium Shading 1 Accent 4\"\/>\n  <w:LsdException Locked=\"false\" Priority=\"64\" SemiHidden=\"false\"\n   UnhideWhenUsed=\"false\" Name=\"Medium Shading 2 Accent 4\"\/>\n  <w:LsdException Locked=\"false\" Priority=\"65\" SemiHidden=\"false\"\n   UnhideWhenUsed=\"false\" Name=\"Medium List 1 Accent 4\"\/>\n  <w:LsdException Locked=\"false\" Priority=\"66\" SemiHidden=\"false\"\n   UnhideWhenUsed=\"false\" Name=\"Medium List 2 Accent 4\"\/>\n  <w:LsdException Locked=\"false\" Priority=\"67\" SemiHidden=\"false\"\n   UnhideWhenUsed=\"false\" Name=\"Medium Grid 1 Accent 4\"\/>\n  <w:LsdException Locked=\"false\" Priority=\"68\" SemiHidden=\"false\"\n   UnhideWhenUsed=\"false\" Name=\"Medium Grid 2 Accent 4\"\/>\n  <w:LsdException Locked=\"false\" Priority=\"69\" SemiHidden=\"false\"\n   UnhideWhenUsed=\"false\" Name=\"Medium Grid 3 Accent 4\"\/>\n  <w:LsdException Locked=\"false\" Priority=\"70\" SemiHidden=\"false\"\n   UnhideWhenUsed=\"false\" Name=\"Dark List Accent 4\"\/>\n  <w:LsdException Locked=\"false\" Priority=\"71\" SemiHidden=\"false\"\n   UnhideWhenUsed=\"false\" Name=\"Colorful Shading Accent 4\"\/>\n  <w:LsdException Locked=\"false\" Priority=\"72\" SemiHidden=\"false\"\n   UnhideWhenUsed=\"false\" Name=\"Colorful List Accent 4\"\/>\n  <w:LsdException Locked=\"false\" Priority=\"73\" SemiHidden=\"false\"\n   UnhideWhenUsed=\"false\" Name=\"Colorful Grid Accent 4\"\/>\n  <w:LsdException Locked=\"false\" Priority=\"60\" SemiHidden=\"false\"\n   UnhideWhenUsed=\"false\" Name=\"Light Shading Accent 5\"\/>\n  <w:LsdException Locked=\"false\" Priority=\"61\" SemiHidden=\"false\"\n   UnhideWhenUsed=\"false\" Name=\"Light List Accent 5\"\/>\n  <w:LsdException Locked=\"false\" Priority=\"62\" SemiHidden=\"false\"\n   UnhideWhenUsed=\"false\" Name=\"Light Grid Accent 5\"\/>\n  <w:LsdException Locked=\"false\" Priority=\"63\" SemiHidden=\"false\"\n   UnhideWhenUsed=\"false\" Name=\"Medium Shading 1 Accent 5\"\/>\n  <w:LsdException Locked=\"false\" Priority=\"64\" SemiHidden=\"false\"\n   UnhideWhenUsed=\"false\" Name=\"Medium Shading 2 Accent 5\"\/>\n  <w:LsdException Locked=\"false\" Priority=\"65\" SemiHidden=\"false\"\n   UnhideWhenUsed=\"false\" Name=\"Medium List 1 Accent 5\"\/>\n  <w:LsdException Locked=\"false\" Priority=\"66\" SemiHidden=\"false\"\n   UnhideWhenUsed=\"false\" Name=\"Medium List 2 Accent 5\"\/>\n  <w:LsdException Locked=\"false\" Priority=\"67\" SemiHidden=\"false\"\n   UnhideWhenUsed=\"false\" Name=\"Medium Grid 1 Accent 5\"\/>\n  <w:LsdException Locked=\"false\" Priority=\"68\" SemiHidden=\"false\"\n   UnhideWhenUsed=\"false\" Name=\"Medium Grid 2 Accent 5\"\/>\n  <w:LsdException Locked=\"false\" Priority=\"69\" SemiHidden=\"false\"\n   UnhideWhenUsed=\"false\" Name=\"Medium Grid 3 Accent 5\"\/>\n  <w:LsdException Locked=\"false\" Priority=\"70\" SemiHidden=\"false\"\n   UnhideWhenUsed=\"false\" Name=\"Dark List Accent 5\"\/>\n  <w:LsdException Locked=\"false\" Priority=\"71\" SemiHidden=\"false\"\n   UnhideWhenUsed=\"false\" Name=\"Colorful Shading Accent 5\"\/>\n  <w:LsdException Locked=\"false\" Priority=\"72\" SemiHidden=\"false\"\n   UnhideWhenUsed=\"false\" Name=\"Colorful List Accent 5\"\/>\n  <w:LsdException Locked=\"false\" Priority=\"73\" SemiHidden=\"false\"\n   UnhideWhenUsed=\"false\" Name=\"Colorful Grid Accent 5\"\/>\n  <w:LsdException Locked=\"false\" Priority=\"60\" SemiHidden=\"false\"\n   UnhideWhenUsed=\"false\" Name=\"Light Shading Accent 6\"\/>\n  <w:LsdException Locked=\"false\" Priority=\"61\" SemiHidden=\"false\"\n   UnhideWhenUsed=\"false\" Name=\"Light List Accent 6\"\/>\n  <w:LsdException Locked=\"false\" Priority=\"62\" SemiHidden=\"false\"\n   UnhideWhenUsed=\"false\" Name=\"Light Grid Accent 6\"\/>\n  <w:LsdException Locked=\"false\" Priority=\"63\" SemiHidden=\"false\"\n   UnhideWhenUsed=\"false\" Name=\"Medium Shading 1 Accent 6\"\/>\n  <w:LsdException Locked=\"false\" Priority=\"64\" SemiHidden=\"false\"\n   UnhideWhenUsed=\"false\" Name=\"Medium Shading 2 Accent 6\"\/>\n  <w:LsdException Locked=\"false\" Priority=\"65\" SemiHidden=\"false\"\n   UnhideWhenUsed=\"false\" Name=\"Medium List 1 Accent 6\"\/>\n  <w:LsdException Locked=\"false\" Priority=\"66\" SemiHidden=\"false\"\n   UnhideWhenUsed=\"false\" Name=\"Medium List 2 Accent 6\"\/>\n  <w:LsdException Locked=\"false\" Priority=\"67\" SemiHidden=\"false\"\n   UnhideWhenUsed=\"false\" Name=\"Medium Grid 1 Accent 6\"\/>\n  <w:LsdException Locked=\"false\" Priority=\"68\" SemiHidden=\"false\"\n   UnhideWhenUsed=\"false\" Name=\"Medium Grid 2 Accent 6\"\/>\n  <w:LsdException Locked=\"false\" Priority=\"69\" SemiHidden=\"false\"\n   UnhideWhenUsed=\"false\" Name=\"Medium Grid 3 Accent 6\"\/>\n  <w:LsdException Locked=\"false\" Priority=\"70\" SemiHidden=\"false\"\n   UnhideWhenUsed=\"false\" Name=\"Dark List Accent 6\"\/>\n  <w:LsdException Locked=\"false\" Priority=\"71\" SemiHidden=\"false\"\n   UnhideWhenUsed=\"false\" Name=\"Colorful Shading Accent 6\"\/>\n  <w:LsdException Locked=\"false\" Priority=\"72\" SemiHidden=\"false\"\n   UnhideWhenUsed=\"false\" Name=\"Colorful List Accent 6\"\/>\n  <w:LsdException Locked=\"false\" Priority=\"73\" SemiHidden=\"false\"\n   UnhideWhenUsed=\"false\" Name=\"Colorful Grid Accent 6\"\/>\n  <w:LsdException Locked=\"false\" Priority=\"19\" SemiHidden=\"false\"\n   UnhideWhenUsed=\"false\" QFormat=\"true\" Name=\"Subtle Emphasis\"\/>\n  <w:LsdException Locked=\"false\" Priority=\"21\" SemiHidden=\"false\"\n   UnhideWhenUsed=\"false\" QFormat=\"true\" Name=\"Intense Emphasis\"\/>\n  <w:LsdException Locked=\"false\" Priority=\"31\" SemiHidden=\"false\"\n   UnhideWhenUsed=\"false\" QFormat=\"true\" Name=\"Subtle Reference\"\/>\n  <w:LsdException Locked=\"false\" Priority=\"32\" SemiHidden=\"false\"\n   UnhideWhenUsed=\"false\" QFormat=\"true\" Name=\"Intense Reference\"\/>\n  <w:LsdException Locked=\"false\" Priority=\"33\" SemiHidden=\"false\"\n   UnhideWhenUsed=\"false\" QFormat=\"true\" Name=\"Book Title\"\/>\n  <w:LsdException Locked=\"false\" Priority=\"37\" Name=\"Bibliography\"\/>\n  <w:LsdException Locked=\"false\" Priority=\"39\" QFormat=\"true\" Name=\"TOC Heading\"\/>\n <\/w:LatentStyles>\n<\/xml><![endif]--><!--[if gte mso 10]>\n\n<![endif]--><\/p>\n","protected":false},"excerpt":{"rendered":"<p>TALLER \u00b7 ADULTS \u00b7 INFANTIL I JUVENIL&nbsp; Universitats \u00b7 Instituts de secund\u00e0ria i batxillerat \u00b7 Escoles de prim\u00e0ria \u00b7 Centres c\u00edvics Contractaci\u00f3 de l&#8217;activitat: cosdelletra@gmail.com&nbsp; 609 28 01 79 Si b\u00e9 l\u2019aprenentatge mec\u00e0nic de la lectura exigeix una dedicaci\u00f3 prolongada i de vegades feixuga, no podem oblidar que tant o m\u00e9s important \u00e9s l\u2019aprenentatge de [&hellip;]<\/p>\n","protected":false},"author":2,"featured_media":0,"comment_status":"open","ping_status":"open","sticky":false,"template":"","format":"standard","meta":{"footnotes":""},"categories":[13,15,20,16,21,12,22],"tags":[],"class_list":["post-34","post","type-post","status-publish","format-standard","hentry","category-adults","category-centres-civics","category-escoles-de-primaria","category-infantil","category-instituts-de-secundaria-i-batxillerat","category-juvenil","category-tallers-i-activitats"],"_links":{"self":[{"href":"https:\/\/cosdelletra.com\/index.php\/wp-json\/wp\/v2\/posts\/34","targetHints":{"allow":["GET"]}}],"collection":[{"href":"https:\/\/cosdelletra.com\/index.php\/wp-json\/wp\/v2\/posts"}],"about":[{"href":"https:\/\/cosdelletra.com\/index.php\/wp-json\/wp\/v2\/types\/post"}],"author":[{"embeddable":true,"href":"https:\/\/cosdelletra.com\/index.php\/wp-json\/wp\/v2\/users\/2"}],"replies":[{"embeddable":true,"href":"https:\/\/cosdelletra.com\/index.php\/wp-json\/wp\/v2\/comments?post=34"}],"version-history":[{"count":0,"href":"https:\/\/cosdelletra.com\/index.php\/wp-json\/wp\/v2\/posts\/34\/revisions"}],"wp:attachment":[{"href":"https:\/\/cosdelletra.com\/index.php\/wp-json\/wp\/v2\/media?parent=34"}],"wp:term":[{"taxonomy":"category","embeddable":true,"href":"https:\/\/cosdelletra.com\/index.php\/wp-json\/wp\/v2\/categories?post=34"},{"taxonomy":"post_tag","embeddable":true,"href":"https:\/\/cosdelletra.com\/index.php\/wp-json\/wp\/v2\/tags?post=34"}],"curies":[{"name":"wp","href":"https:\/\/api.w.org\/{rel}","templated":true}]}}