{"id":294,"date":"2011-01-19T20:41:00","date_gmt":"2011-01-19T20:41:00","guid":{"rendered":"https:\/\/cosdelletra.com\/index.php\/2011\/01\/19\/tallers-de-lectura-en-veu-alta-a-mollerussa\/"},"modified":"2011-01-19T20:41:00","modified_gmt":"2011-01-19T20:41:00","slug":"tallers-de-lectura-en-veu-alta-a-mollerussa","status":"publish","type":"post","link":"https:\/\/cosdelletra.com\/index.php\/2011\/01\/19\/tallers-de-lectura-en-veu-alta-a-mollerussa\/","title":{"rendered":"Tallers de Lectura en Veu Alta a Mollerussa"},"content":{"rendered":"<div style=\"clear: both; text-align: center;\">\n<\/div>\n<div style=\"clear: both; text-align: center;\"><a href=\"http:\/\/4.bp.blogspot.com\/_rGW3GnjaSyI\/TTdKfbnw8rI\/AAAAAAAAASM\/ehGMMdKi5I0\/s1600\/cartell+mollerussa.jpg\" style=\"margin-left: 1em; margin-right: 1em;\"><img loading=\"lazy\" decoding=\"async\" border=\"0\" height=\"640\" n4=\"true\" src=\"http:\/\/4.bp.blogspot.com\/_rGW3GnjaSyI\/TTdKfbnw8rI\/AAAAAAAAASM\/ehGMMdKi5I0\/s640\/cartell+mollerussa.jpg\" width=\"424\" \/><\/a><\/div>\n<div style=\"clear: both; text-align: center;\">\n<\/div>\n<div style=\"clear: both; text-align: center;\">\n<\/div>\n<div style=\"clear: both; text-align: center;\"><span style=\"font-size: large;\">Cos de Lletra ofereix nous tallers de formaci\u00f3 per als docents del Pla d&#8217;Urgell. Al llarg de tres sessions ens aproparem a les dificultats i als beneficis del treball de la lectura en veu alta a les aules de prim\u00e0ria i secund\u00e0ria i proposarem eines i t\u00e8cniques per desenvolupar aquesta disciplina.<\/span><\/div>\n<div style=\"clear: both; text-align: center;\">\n<\/div>\n<div style=\"clear: both; text-align: center;\"><span style=\"font-size: large;\">Paral\u00b7lelament, els nois i noies de diferents centres de Mollerussa participaran en una s\u00e8rie de trobades de lectura en veu alta que tamb\u00e9 dinamitzar\u00e0 Cos de Lletra.<\/span><\/div>\n<div style=\"clear: both; text-align: center;\">\n<\/div>\n","protected":false},"excerpt":{"rendered":"<p>Cos de Lletra ofereix nous tallers de formaci\u00f3 per als docents del Pla d&#8217;Urgell. Al llarg de tres sessions ens aproparem a les dificultats i als beneficis del treball de la lectura en veu alta a les aules de prim\u00e0ria i secund\u00e0ria i proposarem eines i t\u00e8cniques per desenvolupar aquesta disciplina. Paral\u00b7lelament, els nois i [&hellip;]<\/p>\n","protected":false},"author":2,"featured_media":0,"comment_status":"open","ping_status":"open","sticky":false,"template":"","format":"standard","meta":{"footnotes":""},"categories":[33,112],"tags":[],"class_list":["post-294","post","type-post","status-publish","format-standard","hentry","category-activitats","category-agenda"],"_links":{"self":[{"href":"https:\/\/cosdelletra.com\/index.php\/wp-json\/wp\/v2\/posts\/294","targetHints":{"allow":["GET"]}}],"collection":[{"href":"https:\/\/cosdelletra.com\/index.php\/wp-json\/wp\/v2\/posts"}],"about":[{"href":"https:\/\/cosdelletra.com\/index.php\/wp-json\/wp\/v2\/types\/post"}],"author":[{"embeddable":true,"href":"https:\/\/cosdelletra.com\/index.php\/wp-json\/wp\/v2\/users\/2"}],"replies":[{"embeddable":true,"href":"https:\/\/cosdelletra.com\/index.php\/wp-json\/wp\/v2\/comments?post=294"}],"version-history":[{"count":0,"href":"https:\/\/cosdelletra.com\/index.php\/wp-json\/wp\/v2\/posts\/294\/revisions"}],"wp:attachment":[{"href":"https:\/\/cosdelletra.com\/index.php\/wp-json\/wp\/v2\/media?parent=294"}],"wp:term":[{"taxonomy":"category","embeddable":true,"href":"https:\/\/cosdelletra.com\/index.php\/wp-json\/wp\/v2\/categories?post=294"},{"taxonomy":"post_tag","embeddable":true,"href":"https:\/\/cosdelletra.com\/index.php\/wp-json\/wp\/v2\/tags?post=294"}],"curies":[{"name":"wp","href":"https:\/\/api.w.org\/{rel}","templated":true}]}}