{"id":291,"date":"2011-02-15T12:59:00","date_gmt":"2011-02-15T12:59:00","guid":{"rendered":"https:\/\/cosdelletra.com\/index.php\/2011\/02\/15\/con-el-corazon-en-un-frasco\/"},"modified":"2011-02-15T12:59:00","modified_gmt":"2011-02-15T12:59:00","slug":"con-el-corazon-en-un-frasco","status":"publish","type":"post","link":"https:\/\/cosdelletra.com\/index.php\/2011\/02\/15\/con-el-corazon-en-un-frasco\/","title":{"rendered":"Con el coraz\u00f3n en un frasco"},"content":{"rendered":"<p>Un coraz\u00f3n en un frasco apareci\u00f3 en el Passeig del Born de Barcelona una noche de febrero de 2004. Se despleg\u00f3 el dispositivo m\u00e9dico, policial y judicial de recibo y se procedi\u00f3 al levantamiento de aquel cad\u00e1ver m\u00ednimo pero inequ\u00edvoco. Jam\u00e1s una v\u00edscera produjo semejante desconcierto entre las autoridades, convocadas a tan intempestiva hora e incapaces de determinar si ese coraz\u00f3n era o no humano. Los forenses diagnosticaron pronto que el \u00f3rgano hab\u00eda saltado, como quien dice, del cuerpo al frasco, dado su m\u00e1s que destacable estado de conservaci\u00f3n sin formol. Mucho m\u00e1s tardaron los especialistas en decantarse por su procedencia y, aunque result\u00f3 ser un coraz\u00f3n de cerdo, nada indica que la incertidumbre les hubiese quitado hasta entonces el sue\u00f1o. Debi\u00f3 de tratarse, en realidad y desde el principio, de la acci\u00f3n po\u00e9tica de un esp\u00edritu sensible \u2014as\u00ed lo certifica la sonoridad impl\u00edcita de sus t\u00e9rminos: COR (coraz\u00f3n), POT (frasco), PORC (cerdo), BORN\u2014 con que expresar la angustia terrible de aqu\u00e9l que se siente el coraz\u00f3n en un frasco.<\/p>\n<p>Esta historia ver\u00eddica, risible e inquietante constituye una de las semillas ocultas de las que brota <i>L\u2019espeda\u00e7ament (El despiece),<\/i> obra dram\u00e1tica de Ruth Vilar que recrea en clave tragic\u00f3mica las desesperantes relaciones entre pacientes y m\u00e9dicos.<\/p>\n<p>La lectura dramatizada de <i>L\u2019espeda\u00e7ament<\/i>, a cargo de la compa\u00f1\u00eda Cos de Lletra e interpretada por los actores Teresa Urroz, Salva Artesero y Neus Umbert, tendr\u00e1 lugar el viernes 27 de mayo de 2011 a las 21:30h en el Obrador de la Sala Beckett. La entrada es gratuita (previa reserva). <br \/>\n&nbsp; <\/p>\n<div align=\"right\">\nPepa Pertejo, \u00abCon el coraz\u00f3n en un frasco\u00bb, <i><a href=\"http:\/\/www.prospeccionespertejo.blogspot.com\/\">Las u\u00f1as negras<\/a><\/i>,\ufeff 7-5-2011. <\/div>\n<div align=\"right\">\n&nbsp; <\/div>\n<div align=\"right\">\n&nbsp; <\/div>\n<div align=\"right\">\n<\/div>\n","protected":false},"excerpt":{"rendered":"<p>Un coraz\u00f3n en un frasco apareci\u00f3 en el Passeig del Born de Barcelona una noche de febrero de 2004. Se despleg\u00f3 el dispositivo m\u00e9dico, policial y judicial de recibo y se procedi\u00f3 al levantamiento de aquel cad\u00e1ver m\u00ednimo pero inequ\u00edvoco. Jam\u00e1s una v\u00edscera produjo semejante desconcierto entre las autoridades, convocadas a tan intempestiva hora e [&hellip;]<\/p>\n","protected":false},"author":2,"featured_media":0,"comment_status":"open","ping_status":"open","sticky":false,"template":"","format":"standard","meta":{"footnotes":""},"categories":[107],"tags":[],"class_list":["post-291","post","type-post","status-publish","format-standard","hentry","category-lespedacament"],"_links":{"self":[{"href":"https:\/\/cosdelletra.com\/index.php\/wp-json\/wp\/v2\/posts\/291","targetHints":{"allow":["GET"]}}],"collection":[{"href":"https:\/\/cosdelletra.com\/index.php\/wp-json\/wp\/v2\/posts"}],"about":[{"href":"https:\/\/cosdelletra.com\/index.php\/wp-json\/wp\/v2\/types\/post"}],"author":[{"embeddable":true,"href":"https:\/\/cosdelletra.com\/index.php\/wp-json\/wp\/v2\/users\/2"}],"replies":[{"embeddable":true,"href":"https:\/\/cosdelletra.com\/index.php\/wp-json\/wp\/v2\/comments?post=291"}],"version-history":[{"count":0,"href":"https:\/\/cosdelletra.com\/index.php\/wp-json\/wp\/v2\/posts\/291\/revisions"}],"wp:attachment":[{"href":"https:\/\/cosdelletra.com\/index.php\/wp-json\/wp\/v2\/media?parent=291"}],"wp:term":[{"taxonomy":"category","embeddable":true,"href":"https:\/\/cosdelletra.com\/index.php\/wp-json\/wp\/v2\/categories?post=291"},{"taxonomy":"post_tag","embeddable":true,"href":"https:\/\/cosdelletra.com\/index.php\/wp-json\/wp\/v2\/tags?post=291"}],"curies":[{"name":"wp","href":"https:\/\/api.w.org\/{rel}","templated":true}]}}