{"id":243,"date":"2012-06-23T12:28:00","date_gmt":"2012-06-23T12:28:00","guid":{"rendered":"https:\/\/cosdelletra.com\/index.php\/2012\/06\/23\/exit-de-les-previes-de-los-ninos-tontos\/"},"modified":"2012-06-23T12:28:00","modified_gmt":"2012-06-23T12:28:00","slug":"exit-de-les-previes-de-los-ninos-tontos","status":"publish","type":"post","link":"https:\/\/cosdelletra.com\/index.php\/2012\/06\/23\/exit-de-les-previes-de-los-ninos-tontos\/","title":{"rendered":"\u00c8xit de les pr\u00e8vies de \u00abLos ni\u00f1os tontos\u00bb"},"content":{"rendered":"<p>\u00c8xit rotund de les representacions de \u00abLos ni\u00f1os tontos\u00bb, d&#8217;Ana Mar\u00eda Matute, programades a l&#8217;Associaci\u00f3 de Teatre Bambalina els dies 16, 17 i 22 de juny. Durant les tres preestrenes -amb entrada gratu\u00efta i aforament limitat- m\u00e9s de 80 persones van gaudir d&#8217;aquest espectacle senzill que amaga una gran complexitat.<\/p>\n<p>Amb la bellesa de les seves paraules, la simplicitat dels seus jocs i la franquesa de les seves emocions terribles, \u00abLos ni\u00f1os tontos\u00bb ha captivat espectadors de proced\u00e8ncies diverses: Argentina, Brasil, Catalunya, Col\u00f2mbia, It\u00e0lia, La Rioja, Saragossa; amb interessos, professions o edats ben diferents: antrop\u00f2legs, bibliotec\u00e0ries, clowns, dissenyadors, escriptors, fot\u00f2grafs, jubilats, m\u00fasics, perruqueres, professors, psic\u00f2legs, publicistes, qu\u00edmics, d&#8217;entre tretze i setanta anys.<\/p>\n<p>Gr\u00e0cies a aquest p\u00fablic per acompanyar-nos en les funcions pr\u00e8vies a l&#8217;estrena de \u00abLos ni\u00f1os tontos\u00bb. Gr\u00e0cies per brindar amb nosaltres perqu\u00e8 aquest muntatge tingui una llarga vida!<\/p>\n<p>Aqu\u00ed recollim algunes de les seves opinions:<\/p>\n<p>\u00ab\u00c9s una obra de les que t&#8217;emportes a casa.\u00bb<br \/>\n\u00abFa rumiar. V\u00e9nen ganes de tornar-la a veure.\u00bb<br \/>\n\u00abEl retrat social i po\u00e8tic d&#8217;una \u00e8poca que ning\u00fa hauria d&#8217;oblidar.\u00bb<br \/>\n\u00abMolt commovedora.\u00bb<br \/>\n\u00abUn espectacle rod\u00f3: ni hi sobra ni hi falta res.\u00bb<\/p>\n<p><\/p>\n<div style=\"clear: both; text-align: center;\">\n<a href=\"http:\/\/2.bp.blogspot.com\/-Fo7VfP4fX5Y\/T-hYWYGTisI\/AAAAAAAAAcc\/FAi2Tnbb_uI\/s1600\/Ni+%C2%A6osTontosWeb019.jpg\" style=\"clear: left; float: left; margin-bottom: 1em; margin-right: 1em;\"><img loading=\"lazy\" decoding=\"async\" border=\"0\" height=\"425\" src=\"http:\/\/2.bp.blogspot.com\/-Fo7VfP4fX5Y\/T-hYWYGTisI\/AAAAAAAAAcc\/FAi2Tnbb_uI\/s640\/Ni+%C2%A6osTontosWeb019.jpg\" width=\"640\" \/><\/a><\/div>\n<div style=\"text-align: center;\">\n<span style=\"font-size: x-small;\">Salva Artesero i Neus Umbert a \u00abLos ni\u00f1os tontos\u00bb d&#8217;Ana Mar\u00eda Matute. <\/span><\/div>\n<div style=\"text-align: center;\">\n<\/div>\n<div style=\"text-align: center;\">\n<span style=\"font-size: x-small;\">Fotografia de Jordi R.Renom<\/span><\/div>\n<p>Podeu llegir la cr\u00f2nica de Pepa Pertejo sobre les preestrenes de \u00abLos ni\u00f1os tontos\u00bb al bloc \u00ab<a href=\"http:\/\/prospeccionespertejo.blogspot.com.es\/search\/label\/Los%20ni%C3%B1os%20tontos\" target=\"_blank\" rel=\"noopener\">Las u\u00f1as negras<\/a>\u00bb on tamb\u00e9 hi trobareu tots els seus articles sobre l&#8217;espectacle.<\/p>\n<p><\/p>\n","protected":false},"excerpt":{"rendered":"<p>\u00c8xit rotund de les representacions de \u00abLos ni\u00f1os tontos\u00bb, d&#8217;Ana Mar\u00eda Matute, programades a l&#8217;Associaci\u00f3 de Teatre Bambalina els dies 16, 17 i 22 de juny. Durant les tres preestrenes -amb entrada gratu\u00efta i aforament limitat- m\u00e9s de 80 persones van gaudir d&#8217;aquest espectacle senzill que amaga una gran complexitat. Amb la bellesa de les [&hellip;]<\/p>\n","protected":false},"author":2,"featured_media":0,"comment_status":"open","ping_status":"open","sticky":false,"template":"","format":"standard","meta":{"footnotes":""},"categories":[27,91],"tags":[],"class_list":["post-243","post","type-post","status-publish","format-standard","hentry","category-los-ninos-tontos","category-noticies"],"_links":{"self":[{"href":"https:\/\/cosdelletra.com\/index.php\/wp-json\/wp\/v2\/posts\/243","targetHints":{"allow":["GET"]}}],"collection":[{"href":"https:\/\/cosdelletra.com\/index.php\/wp-json\/wp\/v2\/posts"}],"about":[{"href":"https:\/\/cosdelletra.com\/index.php\/wp-json\/wp\/v2\/types\/post"}],"author":[{"embeddable":true,"href":"https:\/\/cosdelletra.com\/index.php\/wp-json\/wp\/v2\/users\/2"}],"replies":[{"embeddable":true,"href":"https:\/\/cosdelletra.com\/index.php\/wp-json\/wp\/v2\/comments?post=243"}],"version-history":[{"count":0,"href":"https:\/\/cosdelletra.com\/index.php\/wp-json\/wp\/v2\/posts\/243\/revisions"}],"wp:attachment":[{"href":"https:\/\/cosdelletra.com\/index.php\/wp-json\/wp\/v2\/media?parent=243"}],"wp:term":[{"taxonomy":"category","embeddable":true,"href":"https:\/\/cosdelletra.com\/index.php\/wp-json\/wp\/v2\/categories?post=243"},{"taxonomy":"post_tag","embeddable":true,"href":"https:\/\/cosdelletra.com\/index.php\/wp-json\/wp\/v2\/tags?post=243"}],"curies":[{"name":"wp","href":"https:\/\/api.w.org\/{rel}","templated":true}]}}