{"id":204,"date":"2013-05-14T11:40:00","date_gmt":"2013-05-14T11:40:00","guid":{"rendered":"https:\/\/cosdelletra.com\/index.php\/2013\/05\/14\/he-visto-a-los-mejores-talentos-de-mi-generacion-despachar-hamburguesas\/"},"modified":"2013-05-14T11:40:00","modified_gmt":"2013-05-14T11:40:00","slug":"he-visto-a-los-mejores-talentos-de-mi-generacion-despachar-hamburguesas","status":"publish","type":"post","link":"https:\/\/cosdelletra.com\/index.php\/2013\/05\/14\/he-visto-a-los-mejores-talentos-de-mi-generacion-despachar-hamburguesas\/","title":{"rendered":"\u00abHe visto a los mejores talentos de mi generaci\u00f3n despachar hamburguesas\u00bb"},"content":{"rendered":"<h3>\n<span style=\"font-family: Verdana,sans-serif;\">La I Trobada de Creadores, organitzada per Cos de Lletra, reuneix Laia Alsina, Evelyn Ar\u00e9valo, Eva Hibernia i Ruth Vilar per parlar de teatre.&nbsp;<\/span><\/h3>\n<h3>\n<span style=\"font-family: Verdana,sans-serif;\">&nbsp;<\/span><\/h3>\n<div style=\"clear: both; text-align: center;\">\n<a href=\"http:\/\/3.bp.blogspot.com\/-5jX5Ma6L_wE\/UZoIrbaSl4I\/AAAAAAAAA2g\/OAw6Sgb0jtI\/s1600\/I+Trobada+de+Creadores.jpg\" style=\"clear: left; float: left; margin-bottom: 1em; margin-right: 1em;\"><img loading=\"lazy\" decoding=\"async\" border=\"0\" height=\"540\" src=\"http:\/\/3.bp.blogspot.com\/-5jX5Ma6L_wE\/UZoIrbaSl4I\/AAAAAAAAA2g\/OAw6Sgb0jtI\/s640\/I+Trobada+de+Creadores.jpg\" width=\"640\" \/><\/a><\/div>\n<h3>\n<\/h3>\n<h3>\n<\/h3>\n<div style=\"text-align: center;\">\n<span style=\"font-family: Verdana,sans-serif;\"><span style=\"font-size: x-small;\">Fotografia de Rub\u00e9n Ibarreta <\/span><\/span><\/div>\n<p>\n<span style=\"font-size: large;\"><span style=\"font-family: Verdana,sans-serif;\">Les <b>\u00ab<a href=\"http:\/\/www.cosdelletra.blogspot.com.es\/search\/label\/NITS%20ENTRE%20BAMBALINES\" target=\"_blank\" rel=\"noopener\">Nits entre bambalines<\/a>\u00ab<\/b> van acollir la <b>I Trobada de Creadores<\/b>, que va aplegar quatre dones de teatre (actrius, dramaturgues i directores) davant d&#8217;un auditori escollit de persones vinculades a la cultura.<\/span><\/span><br \/>\n<span style=\"font-size: large;\"><span style=\"font-family: Verdana,sans-serif;\"><br \/><\/span><\/span><br \/>\n<span style=\"font-size: large;\"><span style=\"font-family: Verdana,sans-serif;\"><b>Laia Alsina<\/b>, <b>Evelyn Ar\u00e9valo<\/b>, <b>Eva Hibernia<\/b> i <b>Ruth Vilar<\/b> van mantenir una conversa f\u00e8rtil i distesa sobre teatre. Van exposar breument la seva traject\u00f2ria i van abordar plegades els diversos vessants de la creaci\u00f3 teatral: l&#8217;aprenentatge i les influ\u00e8ncies, la invenci\u00f3 i la col\u00b7laboraci\u00f3, el proc\u00e9s i les dificultats de producci\u00f3 d&#8217;un espectacle, la representaci\u00f3, les ineludibles traves econ\u00f2miques i de distribuci\u00f3, la superviv\u00e8ncia i la resist\u00e8ncia de l&#8217;artista. \u00abHe visto a los mejores talentos de mi generaci\u00f3n despachar hamburguesas\u00bb, va declarar Eva Hibernia, tot parafrasejant l&#8217;<i>Udol<\/i> de Ginsberg.<\/span><\/span><br \/>\n<span style=\"font-size: large;\"><span style=\"font-family: Verdana,sans-serif;\"><br \/><\/span><\/span><br \/>\n<span style=\"font-size: large;\"><span style=\"font-family: Verdana,sans-serif;\">Els assistents van nodrir el di\u00e0leg amb aportacions intel\u00b7ligents i inspirades, participant plenament d&#8217;aquesta reflexi\u00f3 conjunta.<\/span><\/span><br \/>\n<span style=\"font-size: large;\"><span style=\"font-family: Verdana,sans-serif;\"><br \/><\/span><\/span><br \/>\n<span style=\"font-size: large;\"><span style=\"font-family: Verdana,sans-serif;\">Les idees i conclusions exposades en aquesta <b>I Trobada de Creadores<\/b>, que va tenir lloc dissabte 18 de maig a l&#8217;<b>Associaci\u00f3 de Tea<\/b><span style=\"font-size: large;\"><b>tre Bam<\/b><span style=\"font-size: large;\"><b>balina<\/b> de Santa Perp\u00e8tua de Mogoda<\/span><\/span>, quedaran recollides en un article que <b>Cos de Lletra<\/b> publicar\u00e0 properament a la seva web.<\/span><\/span><\/p>\n<p><\/p>\n","protected":false},"excerpt":{"rendered":"<p>La I Trobada de Creadores, organitzada per Cos de Lletra, reuneix Laia Alsina, Evelyn Ar\u00e9valo, Eva Hibernia i Ruth Vilar per parlar de teatre.&nbsp; &nbsp; Fotografia de Rub\u00e9n Ibarreta Les \u00abNits entre bambalines\u00ab van acollir la I Trobada de Creadores, que va aplegar quatre dones de teatre (actrius, dramaturgues i directores) davant d&#8217;un auditori escollit [&hellip;]<\/p>\n","protected":false},"author":2,"featured_media":0,"comment_status":"open","ping_status":"open","sticky":false,"template":"","format":"standard","meta":{"footnotes":""},"categories":[104,91,103],"tags":[],"class_list":["post-204","post","type-post","status-publish","format-standard","hentry","category-nits-entre-bambalines","category-noticies","category-trobada-de-creadores"],"_links":{"self":[{"href":"https:\/\/cosdelletra.com\/index.php\/wp-json\/wp\/v2\/posts\/204","targetHints":{"allow":["GET"]}}],"collection":[{"href":"https:\/\/cosdelletra.com\/index.php\/wp-json\/wp\/v2\/posts"}],"about":[{"href":"https:\/\/cosdelletra.com\/index.php\/wp-json\/wp\/v2\/types\/post"}],"author":[{"embeddable":true,"href":"https:\/\/cosdelletra.com\/index.php\/wp-json\/wp\/v2\/users\/2"}],"replies":[{"embeddable":true,"href":"https:\/\/cosdelletra.com\/index.php\/wp-json\/wp\/v2\/comments?post=204"}],"version-history":[{"count":0,"href":"https:\/\/cosdelletra.com\/index.php\/wp-json\/wp\/v2\/posts\/204\/revisions"}],"wp:attachment":[{"href":"https:\/\/cosdelletra.com\/index.php\/wp-json\/wp\/v2\/media?parent=204"}],"wp:term":[{"taxonomy":"category","embeddable":true,"href":"https:\/\/cosdelletra.com\/index.php\/wp-json\/wp\/v2\/categories?post=204"},{"taxonomy":"post_tag","embeddable":true,"href":"https:\/\/cosdelletra.com\/index.php\/wp-json\/wp\/v2\/tags?post=204"}],"curies":[{"name":"wp","href":"https:\/\/api.w.org\/{rel}","templated":true}]}}