{"id":14,"date":"2023-03-14T18:07:00","date_gmt":"2023-03-14T18:07:00","guid":{"rendered":""},"modified":"2023-08-17T11:19:47","modified_gmt":"2023-08-17T11:19:47","slug":"libros-de-ruth-vilar","status":"publish","type":"post","link":"https:\/\/cosdelletra.com\/index.php\/2023\/03\/14\/libros-de-ruth-vilar\/","title":{"rendered":"LIBROS DE RUTH VILAR"},"content":{"rendered":"<h1 style=\"text-align: center;\"><span style=\"font-size: large;\">&nbsp;\u00bfQUIERES LEER LAS OBRAS&nbsp;<\/span><\/h1>\n<h1 style=\"text-align: center;\"><span style=\"font-size: large;\">DE <a href=\"https:\/\/cosdelletra.com\/index.php\/2023\/02\/25\/ruth-vilar\/\" target=\"_blank\" rel=\"noopener\">RUTH VILAR<\/a>?<\/span><\/h1>\n<h1 style=\"text-align: center;\"><span style=\"font-size: large;\">HAZ TU PEDIDO AQU\u00cd. <\/span><\/h1>\n<h1 style=\"text-align: center;\"><span style=\"font-size: large;\"><span style=\"font-weight: normal;\">Escoge los t\u00edtulos<\/span><\/span><\/h1>\n<h1 style=\"text-align: center;\"><span style=\"font-size: large;\"><span style=\"font-weight: normal;\">M\u00e1ndanos tu pedido a cosdelletra@gmail.com<\/span><\/span><\/h1>\n<h1 style=\"text-align: center;\"><span style=\"font-size: large;\"><span style=\"font-weight: normal;\">Incluye tu nombre y direcci\u00f3n postal<\/span><\/span><\/h1>\n<h1 style=\"text-align: center;\"><span style=\"font-size: large;\"><span style=\"font-weight: normal;\">Si quieres que la autora dedique los libros, dinos para qui\u00e9n son<br \/><\/span><\/span><\/h1>\n<h1 style=\"text-align: center;\"><span style=\"font-size: large;\"><span style=\"font-weight: normal;\">Recibir\u00e1s un correo de confirmaci\u00f3n con las indicaciones de pago&nbsp;<\/span><\/span><\/h1>\n<h1 style=\"text-align: center;\"><span style=\"font-size: large;\"><span style=\"font-weight: normal;\">Los libros te llegar\u00e1n por correo postal<\/span><br \/><\/span><\/h1>\n<div style=\"text-align: center;\"><span style=\"font-size: large;\">&nbsp;<\/span><\/div>\n<div style=\"text-align: center;\"><span style=\"font-size: large;\">&nbsp;<\/span><\/div>\n<div style=\"text-align: center;\"><span style=\"font-size: large;\">&nbsp;<\/span><\/div>\n<div style=\"text-align: center;\"><span style=\"font-size: large;\"><\/p>\n<div style=\"clear: both; text-align: center;\"><a href=\"https:\/\/blogger.googleusercontent.com\/img\/b\/R29vZ2xl\/AVvXsEiCFrPmjFl9KWdEHzJd9DFByU-ttYry97Dp4UUu6sW4Pg3KUqIM9AGda8Qx5QLlOe3A4PzCGITWTyzUxiTOJuvl8wBiYSeZOfqMIvQbyZpbtyYFd7BwecRloqAmeSC3pUWkyOp5rzyR0PR0Z_IxzaKlh4rtWp3QZEm4Kget4V6FOLtkjuzDzpRYg4sa\/s640\/La%20puerta%20blindada_Ruth%20Vilar_Edi%20Invasoras.jpg\" style=\"margin-left: 1em; margin-right: 1em;\"><img loading=\"lazy\" decoding=\"async\" border=\"0\" data-original-height=\"640\" data-original-width=\"427\" height=\"400\" src=\"https:\/\/blogger.googleusercontent.com\/img\/b\/R29vZ2xl\/AVvXsEiCFrPmjFl9KWdEHzJd9DFByU-ttYry97Dp4UUu6sW4Pg3KUqIM9AGda8Qx5QLlOe3A4PzCGITWTyzUxiTOJuvl8wBiYSeZOfqMIvQbyZpbtyYFd7BwecRloqAmeSC3pUWkyOp5rzyR0PR0Z_IxzaKlh4rtWp3QZEm4Kget4V6FOLtkjuzDzpRYg4sa\/w268-h400\/La%20puerta%20blindada_Ruth%20Vilar_Edi%20Invasoras.jpg\" width=\"268\" \/><\/a><\/div>\n<p><\/span><a href=\"https:\/\/cosdelletra.com\/index.php\/2021\/01\/02\/la-puerta-blindada-de-ruth-vilar-en-ediciones-invasoras\/\" target=\"_blank\" rel=\"noopener\"><span style=\"font-size: large;\"><i>La puerta blindada<\/i>, de Ruth Vilar<\/span><\/a><\/p>\n<div style=\"text-align: center;\"><span style=\"font-size: large;\">Pr\u00f3logo de Nieves Rodr\u00edguez Rodr\u00edguez<\/span><\/div>\n<div style=\"text-align: center;\"><span style=\"font-size: large;\"><a href=\"https:\/\/invasoras.juliofer.info\/74-la-puerta-blindada-ruth-vilar\/\" target=\"_blank\" rel=\"noopener\">Ediciones Invasoras<\/a><br \/><\/span><\/div>\n<div style=\"text-align: center;\"><span style=\"font-size: large;\">10\u20ac + gastos de env\u00edo<\/span><\/div>\n<div style=\"text-align: center;\"><span style=\"font-size: large;\">&nbsp;<\/span><\/div>\n<div style=\"text-align: center;\"><span style=\"font-size: large;\">&nbsp;<\/span><\/div>\n<div style=\"text-align: center;\"><span style=\"font-size: large;\">&nbsp;<\/span><\/div>\n<div style=\"text-align: center;\"><img loading=\"lazy\" decoding=\"async\" class=\"alignnone size-medium\" height=\"400\" src=\"https:\/\/invasorasblog.files.wordpress.com\/2017\/11\/ruth-portada.jpg?w=604&amp;h=916\" width=\"264\" \/><span style=\"font-size: large;\"> <i>&nbsp;<\/i><\/span><\/div>\n<div style=\"text-align: center;\"><span style=\"font-size: large;\"><i>&nbsp;<\/i><\/span><\/div>\n<div style=\"text-align: center;\"><a href=\"https:\/\/cosdelletra.com\/index.php\/2018\/04\/20\/resenas-sobre-las-avidas-raices-de-ruth-vilar\/\" target=\"_blank\" rel=\"noopener\"><span style=\"font-size: large;\"><i>Las \u00e1vidas ra\u00edces<\/i>, de Ruth Vilar<\/span><\/a><\/div>\n<div style=\"text-align: center;\"><span style=\"font-size: large;\">&nbsp;Seguida de la colecci\u00f3n de piezas breves <i>Objetos punzantes<\/i><\/span><\/div>\n<div style=\"text-align: center;\"><span style=\"font-size: large;\"><a href=\"https:\/\/invasoras.juliofer.info\/23-las-avidas-raices-objetos-punzantes-ruth-vilar\/\" target=\"_blank\" rel=\"noopener\">Ediciones Invasoras<\/a> <br \/><\/span><\/p>\n<div style=\"text-align: center;\"><span style=\"font-size: large;\">10\u20ac + gastos de env\u00edo<\/span><\/div>\n<div style=\"text-align: center;\"><span style=\"font-size: large;\">&nbsp;<\/span><\/div>\n<div style=\"text-align: center;\"><span style=\"font-size: large;\">&nbsp;<\/span><\/div>\n<div style=\"text-align: center;\"><span style=\"font-size: large;\">&nbsp;<\/span><span style=\"font-size: large;\"><a href=\"https:\/\/cosdelletra.com\/index.php\/2023\/06\/15\/cerca-del-mar-de-ruth-vilar\/\" target=\"_blank\" rel=\"noopener\"><\/a><\/p>\n<div style=\"clear: both; text-align: center;\"><a href=\"https:\/\/cosdelletra.com\/index.php\/2023\/06\/15\/cerca-del-mar-de-ruth-vilar\/\" target=\"_blank\" rel=\"noopener\"><\/a><a href=\"https:\/\/blogger.googleusercontent.com\/img\/b\/R29vZ2xl\/AVvXsEhjswxBhOTT1IuWZL3zclQCEex7qmTuG-YlRsbKQnQwJA6ApLBDdmy6dSmQqdsxkWmmuLSN4KiaMMqeBH7mQfiPeTNqPs_cgrqQB49SdulPZ4TGVxPepsgOvpOG_OE2z2GZx7SoZ6Dqa1Nk0ABvPtrstcworB3CaS9KvM5u0eifVlDYJ9zuDmIV2xMU\/s2048\/Primer%20acto%20363_Cerca%20del%20mar.jpg\" style=\"margin-left: 1em; margin-right: 1em;\"><img loading=\"lazy\" decoding=\"async\" border=\"0\" data-original-height=\"2048\" data-original-width=\"1434\" height=\"400\" src=\"https:\/\/blogger.googleusercontent.com\/img\/b\/R29vZ2xl\/AVvXsEhjswxBhOTT1IuWZL3zclQCEex7qmTuG-YlRsbKQnQwJA6ApLBDdmy6dSmQqdsxkWmmuLSN4KiaMMqeBH7mQfiPeTNqPs_cgrqQB49SdulPZ4TGVxPepsgOvpOG_OE2z2GZx7SoZ6Dqa1Nk0ABvPtrstcworB3CaS9KvM5u0eifVlDYJ9zuDmIV2xMU\/w280-h400\/Primer%20acto%20363_Cerca%20del%20mar.jpg\" width=\"280\" \/><\/a><\/div>\n<p><i><\/i><\/span><\/div>\n<div style=\"text-align: center;\"><span style=\"font-size: large;\"><i>&nbsp;<\/i><\/span><\/div>\n<div style=\"text-align: center;\"><span style=\"font-size: large;\"><a href=\"https:\/\/cosdelletra.com\/index.php\/2023\/06\/15\/cerca-del-mar-de-ruth-vilar\/\" target=\"_blank\" rel=\"noopener\"><i>Cerca del mar<\/i><\/a>, de Ruth Vilar<\/span><\/p>\n<div style=\"text-align: center;\"><span style=\"font-size: large;\">N\u00ba 363 de <a href=\"https:\/\/primeracto.com\/\" target=\"_blank\" rel=\"noopener\"><i>Primer Acto<\/i><\/a><\/span><\/div>\n<div style=\"text-align: center;\"><span style=\"font-size: large;\">25\u20ac + gastos de env\u00edo<\/span><\/div>\n<div style=\"text-align: center;\"><span style=\"font-size: large;\">&nbsp;<\/span><\/div>\n<div style=\"text-align: center;\"><span style=\"font-size: large;\">&nbsp;<\/span><\/div>\n<\/div>\n<div style=\"text-align: center;\"><span style=\"font-size: large;\">&nbsp;<\/span><\/div>\n<div style=\"text-align: center;\"><span style=\"font-size: large;\">POR CADA COMPRA DE 20\u20ac <\/span><\/div>\n<div style=\"text-align: center;\"><span style=\"font-size: large;\">TE REGALAMOS UN EJEMPLAR DE<br \/><\/span><\/div>\n<div style=\"text-align: center;\"><span style=\"font-size: large;\">&nbsp;<br \/><\/span><\/div>\n<div style=\"text-align: center;\"><span style=\"font-size: large;\"><\/p>\n<div style=\"clear: both; text-align: center;\"><\/div>\n<div style=\"clear: both; text-align: center;\"><a href=\"https:\/\/cosdelletra.com\/index.php\/2010\/06\/27\/en-faique-don-quehare\/\" style=\"margin-left: 1em; margin-right: 1em;\" target=\"_blank\" rel=\"noopener\"><img loading=\"lazy\" decoding=\"async\" border=\"0\" data-original-height=\"246\" data-original-width=\"310\" height=\"254\" src=\"https:\/\/blogger.googleusercontent.com\/img\/b\/R29vZ2xl\/AVvXsEjjIDdvwUS979lfFBTs9YOEQHImw_1Uy9IDi7-p4X9JHGdkV2gHTrM4iL7lxhbiiwUa-2YJNQPq41ydoyV1SJuNd_ZoRHLrspAXELBu6aG9y84tV6ZkC6zxbPVtG7v5E_pwtD6mHm-sxXsmfU_gWctTsVk0q8KEHJU764wT7jW8ivJyX3USJ4MP8UP6\/w320-h254\/Don%20Quehar%C3%A9%20cubierta%20peque%C3%B1a.jpg\" width=\"320\" \/><\/a><\/div>\n<p>&nbsp;<\/span><\/p>\n<div style=\"clear: both; text-align: center;\"><a href=\"https:\/\/cosdelletra.com\/index.php\/2010\/06\/27\/en-faique-don-quehare\/\" style=\"margin-left: 1em; margin-right: 1em;\" target=\"_blank\" rel=\"noopener\"><img decoding=\"async\" border=\"0\" data-original-height=\"143\" data-original-width=\"352\" src=\"https:\/\/blogger.googleusercontent.com\/img\/b\/R29vZ2xl\/AVvXsEgUbMH8rNTdEsXTUDMRxAl5HetoexSmCYq7Ru749Gg0wzwaWhoz8H6cINVw3eRIeKBSmsplj48Hq99iPVkRhQ7exqECbUoelkx1EponMtS6aGTV5DaBjA_xbIE3s8mDgCWPBCL7vIZEenPAU39KqQVkdOU-OWfoptfekp-s6YeH98_Eh3Ei1ahmMlic\/s16000\/Don%20Quehar%C3%A9%20interior%20panor%C3%A1mico.jpg\" \/><\/a><\/div>\n<\/div>\n<\/div>\n<div style=\"text-align: center;\"><span style=\"font-size: large;\">&nbsp;<\/span><\/div>\n<div style=\"text-align: center;\">\n<div style=\"text-align: center;\"><a href=\"https:\/\/cosdelletra.com\/index.php\/2010\/06\/27\/en-faique-don-quehare\/\" target=\"_blank\" rel=\"noopener\"><span style=\"font-size: large;\"><i>Don Quehar\u00e9<\/i>, de Ruth Vilar<\/span><\/a><\/div>\n<p><span style=\"font-size: large;\">\u00c1lbum ilustrado por <a href=\"https:\/\/www.arnalballester.com\/ca\/\" target=\"_blank\" rel=\"noopener\">Arnal Ballester<\/a> <br \/><\/span><\/div>\n<div style=\"text-align: center;\"><span style=\"font-size: large;\">&nbsp;<\/span><\/div>\n<div style=\"text-align: center;\"><span style=\"font-size: large;\">&nbsp;<\/span><\/div>\n<div style=\"text-align: center;\"><span style=\"font-size: large;\">&nbsp;<br \/><\/span><\/p>\n<div style=\"clear: both; text-align: center;\"><a href=\"https:\/\/cosdelletra.com\/\" style=\"margin-left: 1em; margin-right: 1em;\" target=\"_blank\" rel=\"noopener\"><img loading=\"lazy\" decoding=\"async\" border=\"0\" data-original-height=\"335\" data-original-width=\"800\" height=\"168\" src=\"https:\/\/blogger.googleusercontent.com\/img\/b\/R29vZ2xl\/AVvXsEjmTyuJjd7qY-7DzMiWqlENX_zIoEhcXT-rei9R_RbAqBv8pBI_aU9TrDRpcipCM6-EPmIiDgQKzrIYLHdeQvCJ_L7Kbb1Lz_gILjNzpNcwIvf7YepK559sJRbSd9H_mJCJtOzWUrpLl56yxZThvu0IguH7N0kBXgUYwpzk88O6sCktfV_V4j8Hl0zv\/w400-h168\/Logo%20Cos%20de%20Lletra%2016%20anys%20panor%C3%A0mic%202.png\" width=\"400\" \/><\/a><\/div>\n<\/div>\n<p><span style=\"font-size: large;\"><\/span><\/div>\n","protected":false},"excerpt":{"rendered":"<p>&nbsp;\u00bfQUIERES LEER LAS OBRAS&nbsp; DE RUTH VILAR? HAZ TU PEDIDO AQU\u00cd. Escoge los t\u00edtulos M\u00e1ndanos tu pedido a cosdelletra@gmail.com Incluye tu nombre y direcci\u00f3n postal Si quieres que la autora dedique los libros, dinos para qui\u00e9n son Recibir\u00e1s un correo de confirmaci\u00f3n con las indicaciones de pago&nbsp; Los libros te llegar\u00e1n por correo postal &nbsp; [&hellip;]<\/p>\n","protected":false},"author":2,"featured_media":345,"comment_status":"open","ping_status":"open","sticky":false,"template":"","format":"standard","meta":{"footnotes":""},"categories":[1],"tags":[],"class_list":["post-14","post","type-post","status-publish","format-standard","has-post-thumbnail","hentry","category-uncategorized"],"_links":{"self":[{"href":"https:\/\/cosdelletra.com\/index.php\/wp-json\/wp\/v2\/posts\/14","targetHints":{"allow":["GET"]}}],"collection":[{"href":"https:\/\/cosdelletra.com\/index.php\/wp-json\/wp\/v2\/posts"}],"about":[{"href":"https:\/\/cosdelletra.com\/index.php\/wp-json\/wp\/v2\/types\/post"}],"author":[{"embeddable":true,"href":"https:\/\/cosdelletra.com\/index.php\/wp-json\/wp\/v2\/users\/2"}],"replies":[{"embeddable":true,"href":"https:\/\/cosdelletra.com\/index.php\/wp-json\/wp\/v2\/comments?post=14"}],"version-history":[{"count":1,"href":"https:\/\/cosdelletra.com\/index.php\/wp-json\/wp\/v2\/posts\/14\/revisions"}],"predecessor-version":[{"id":351,"href":"https:\/\/cosdelletra.com\/index.php\/wp-json\/wp\/v2\/posts\/14\/revisions\/351"}],"wp:featuredmedia":[{"embeddable":true,"href":"https:\/\/cosdelletra.com\/index.php\/wp-json\/wp\/v2\/media\/345"}],"wp:attachment":[{"href":"https:\/\/cosdelletra.com\/index.php\/wp-json\/wp\/v2\/media?parent=14"}],"wp:term":[{"taxonomy":"category","embeddable":true,"href":"https:\/\/cosdelletra.com\/index.php\/wp-json\/wp\/v2\/categories?post=14"},{"taxonomy":"post_tag","embeddable":true,"href":"https:\/\/cosdelletra.com\/index.php\/wp-json\/wp\/v2\/tags?post=14"}],"curies":[{"name":"wp","href":"https:\/\/api.w.org\/{rel}","templated":true}]}}