{"id":139,"date":"2016-01-12T12:08:00","date_gmt":"2016-01-12T12:08:00","guid":{"rendered":"https:\/\/cosdelletra.com\/index.php\/2016\/01\/12\/ruth-vilar-lee-esa-manzana-amarga-en-el-nuevo-teatro-fronterizo\/"},"modified":"2016-01-12T12:08:00","modified_gmt":"2016-01-12T12:08:00","slug":"ruth-vilar-lee-esa-manzana-amarga-en-el-nuevo-teatro-fronterizo","status":"publish","type":"post","link":"https:\/\/cosdelletra.com\/index.php\/2016\/01\/12\/ruth-vilar-lee-esa-manzana-amarga-en-el-nuevo-teatro-fronterizo\/","title":{"rendered":"Ruth Vilar lee \u00abEsa manzana amarga\u00bb en el Nuevo Teatro Fronterizo"},"content":{"rendered":"<p><span style=\"font-size: large;\"><a href=\"http:\/\/cosdelletra.blogspot.com.es\/2011\/03\/ruth-vilar.html\" target=\"_blank\" rel=\"noopener\"><b>Ruth Vilar<\/b><\/a> participa en el ciclo <a href=\"http:\/\/www.nuevoteatrofronterizo.es\/programa-evento\/en-voz20\/\" target=\"_blank\" rel=\"noopener\"><b>\u00abEn voz del autor\u00bb<\/b><\/a> con la lectura de su obra <b><i>Esa manzana amarga<\/i><\/b>, el pr\u00f3ximo <b>mi\u00e9rcoles 20 de enero<\/b>, en el <a href=\"http:\/\/www.nuevoteatrofronterizo.es\/\" target=\"_blank\" rel=\"noopener\"><b>Nuevo Teatro Fronterizo<\/b><\/a> de Madrid.<\/span><br \/>\n<span style=\"font-size: large;\"><br \/><\/span><br \/>\n<\/p>\n<div style=\"clear: both; text-align: center;\">\n<a href=\"http:\/\/3.bp.blogspot.com\/-ThctH3Moqes\/VpTlDw0DvqI\/AAAAAAAABmM\/_PYbuuBajQw\/s1600\/Esa-manzana-amarga-784x609.jpg\" style=\"clear: left; float: left; margin-bottom: 1em; margin-right: 1em;\"><img loading=\"lazy\" decoding=\"async\" border=\"0\" height=\"496\" src=\"http:\/\/3.bp.blogspot.com\/-ThctH3Moqes\/VpTlDw0DvqI\/AAAAAAAABmM\/_PYbuuBajQw\/s640\/Esa-manzana-amarga-784x609.jpg\" width=\"640\" \/><\/a><\/div>\n<p><\/p>\n<div style=\"text-align: center;\">\n<span style=\"font-size: xx-small;\">Fotograf\u00eda de Salva Artesero<\/span><\/div>\n<p><span style=\"font-size: large;\">La ni\u00f1a de once a\u00f1os narra el \u00faltimo d\u00eda de su infancia. Ella a\u00fan no<br \/>\n lo sabe. En su voz se entreveran un candor luminoso que se extingue<br \/>\ndespacio y la lucidez punzante que ya va suplant\u00e1ndolo. La ni\u00f1a ha<br \/>\nincubado largamente y sin apenas darse cuenta un desenga\u00f1o. Cuando al<br \/>\nfin sobrevenga, la p\u00e9rdida de la inocencia ser\u00e1 irrevocable.<\/span><\/p>\n<p><span style=\"font-size: large;\"><i>Esa manzana amarga<\/i> es un mon\u00f3logo para actriz. Tras la lectura, la autora entablar\u00e1 una puesta en com\u00fan con el p\u00fablico. <\/span><\/p>\n<p><span style=\"font-size: large;\">Nuevo Teatro Fronterizo<\/span><br \/>\n<span style=\"font-size: large;\"><span style=\"font-size: large;\">La Corseter\u00eda, c\/Cabeza 8, Madrid<\/span> <\/span><br \/>\n<span style=\"font-size: large;\">Mi\u00e9rcoles 20 de enero, 19 h.<\/span><\/p>\n","protected":false},"excerpt":{"rendered":"<p>Ruth Vilar participa en el ciclo \u00abEn voz del autor\u00bb con la lectura de su obra Esa manzana amarga, el pr\u00f3ximo mi\u00e9rcoles 20 de enero, en el Nuevo Teatro Fronterizo de Madrid. Fotograf\u00eda de Salva Artesero La ni\u00f1a de once a\u00f1os narra el \u00faltimo d\u00eda de su infancia. Ella a\u00fan no lo sabe. En su [&hellip;]<\/p>\n","protected":false},"author":2,"featured_media":0,"comment_status":"open","ping_status":"open","sticky":false,"template":"","format":"standard","meta":{"footnotes":""},"categories":[55,49,50,2],"tags":[],"class_list":["post-139","post","type-post","status-publish","format-standard","hentry","category-cos-de-lletra-en-madrid","category-esa-manzana-amarga","category-lectures-dobres-de-ruth-vilar","category-obres-de-ruth-vilar"],"_links":{"self":[{"href":"https:\/\/cosdelletra.com\/index.php\/wp-json\/wp\/v2\/posts\/139","targetHints":{"allow":["GET"]}}],"collection":[{"href":"https:\/\/cosdelletra.com\/index.php\/wp-json\/wp\/v2\/posts"}],"about":[{"href":"https:\/\/cosdelletra.com\/index.php\/wp-json\/wp\/v2\/types\/post"}],"author":[{"embeddable":true,"href":"https:\/\/cosdelletra.com\/index.php\/wp-json\/wp\/v2\/users\/2"}],"replies":[{"embeddable":true,"href":"https:\/\/cosdelletra.com\/index.php\/wp-json\/wp\/v2\/comments?post=139"}],"version-history":[{"count":0,"href":"https:\/\/cosdelletra.com\/index.php\/wp-json\/wp\/v2\/posts\/139\/revisions"}],"wp:attachment":[{"href":"https:\/\/cosdelletra.com\/index.php\/wp-json\/wp\/v2\/media?parent=139"}],"wp:term":[{"taxonomy":"category","embeddable":true,"href":"https:\/\/cosdelletra.com\/index.php\/wp-json\/wp\/v2\/categories?post=139"},{"taxonomy":"post_tag","embeddable":true,"href":"https:\/\/cosdelletra.com\/index.php\/wp-json\/wp\/v2\/tags?post=139"}],"curies":[{"name":"wp","href":"https:\/\/api.w.org\/{rel}","templated":true}]}}